{"id":3561,"date":"2024-11-25T13:13:30","date_gmt":"2024-11-25T13:13:30","guid":{"rendered":"https:\/\/www.proativacomunicacao.com.br\/novo\/?post_type=noticia&#038;p=3561"},"modified":"2024-11-25T13:13:30","modified_gmt":"2024-11-25T13:13:30","slug":"iniciativa-premia-solucoes-inovadoras-para-a-economia-local","status":"publish","type":"noticia","link":"https:\/\/www.proativacomunicacao.com.br\/novo\/?noticia=iniciativa-premia-solucoes-inovadoras-para-a-economia-local","title":{"rendered":"Iniciativa premia solu\u00e7\u00f5es   inovadoras para a economia local"},"content":{"rendered":"<p><strong><em>Lan\u00e7amento do &#8220;Impulso Regional &#8211; Desafios Acelerados&#8221;, premia solu\u00e7\u00f5es inovadoras que contribuam para a resolu\u00e7\u00e3o de desafios propostos pelo Minist\u00e9rio da Integra\u00e7\u00e3o e do Desenvolvimento Regional (MIDR), com pr\u00eamios de at\u00e9 R$ 220 mil. As inscri\u00e7\u00f5es est\u00e3o abertas!<\/em><\/strong><\/p>\n<p dir=\"ltr\">O Minist\u00e9rio da Integra\u00e7\u00e3o e do Desenvolvimento Regional (MIDR), em parceria com a Escola Nacional de Administra\u00e7\u00e3o P\u00fablica (Enap) e com o apoio do Impact Hub Brasil, lan\u00e7a o\u00a0&#8220;Impulso Regional &#8211; Desafios Acelerados&#8221;\u00a0que tem como finalidade o desenvolvimento de solu\u00e7\u00f5es inovadoras que contribuam para a resolu\u00e7\u00e3o de desafios propostos pelo Minist\u00e9rio da Integra\u00e7\u00e3o e do Desenvolvimento Regional (MIDR).<\/p>\n<p>&nbsp;<\/p>\n<p dir=\"ltr\">S\u00e3o tr\u00eas desafios, o primeiro, intitulado \u201cORDENAMENTO TERRITORIAL\u201d \u00e9 um conjunto de a\u00e7\u00f5es que visam organizar a ocupa\u00e7\u00e3o e o uso do solo, al\u00e9m de orientar a gest\u00e3o da \u00e1rea sobre a qual incidem. O segundo, intitulado \u201cDESENVOLVIMENTO DE CAPACIDADES LOCAIS\u201d \u00e9 uma solu\u00e7\u00e3o que ser\u00e1 aplicada por pessoas de diferentes realidades, assim, espera-se que seja tecnologicamente acess\u00edvel e de funcionamento simples e intuitivo para que gere engajamento e interesse por parte dos gestores locais e por fim, o terceiro desafio da iniciativa se intitula \u201cCIDADES INTERMEDIADORAS\u201d, nele, as Cidades Intermediadoras s\u00e3o definidas como munic\u00edpios que cumprem, ou podem vir a cumprir, fun\u00e7\u00f5es relevantes para o desenvolvimento do seu entorno imediato e das regi\u00f5es onde se encontram.<\/p>\n<p>&nbsp;<\/p>\n<p dir=\"ltr\">Com inscri\u00e7\u00f5es abertas at\u00e9 o dia 18 de dezembro, o programa oferecer\u00e1 uma premia\u00e7\u00e3o total de at\u00e9 R$ 220 mil. As propostas dever\u00e3o incluir um prot\u00f3tipo e um v\u00eddeo pitch de at\u00e9 tr\u00eas minutos, a serem disponibilizados na plataforma YouTube e submetidos pela Plataforma Desafios, onde tamb\u00e9m est\u00e1 dispon\u00edvel o formul\u00e1rio de inscri\u00e7\u00e3o.<\/p>\n<p>&nbsp;<\/p>\n<p dir=\"ltr\">Como funcionar\u00e1 o processo de sele\u00e7\u00e3o?<\/p>\n<p>&nbsp;<\/p>\n<p dir=\"ltr\">Dividido em duas fases, o programa selecionar\u00e1 tr\u00eas das melhores solu\u00e7\u00f5es no primeiro ciclo, que receber\u00e3o pr\u00eamios de R$ 20 mil e avan\u00e7ar\u00e3o para a fase de tra\u00e7\u00e3o, com o apoio de especialistas e mentorias. Na segunda fase, com dura\u00e7\u00e3o prevista para o per\u00edodo de mar\u00e7o a junho de 2025, os projetos selecionados poder\u00e3o receber at\u00e9 R$ 30 mil adicionais para aprimoramento, al\u00e9m de uma premia\u00e7\u00e3o final de R$ 70 mil para a solu\u00e7\u00e3o de maior destaque.<\/p>\n<p>&nbsp;<\/p>\n<p dir=\"ltr\">Deise Nicoletto, CEO e s\u00f3cia-fundadora do Impact Hub Bras\u00edlia, destaca a relev\u00e2ncia de iniciativas como esta para o desenvolvimento social e econ\u00f4mico regional: \u201c\u00c9 essencial que a sociedade civil se envolva e contribua em desafios como esse, que impactam milhares de pessoas. Acreditamos no poder da colabora\u00e7\u00e3o e de processos coletivos para o desenvolvimento de ideias inovadoras que solucionem problemas de ordem p\u00fablica\u201d, comenta.<\/p>\n<p>&nbsp;<\/p>\n<p dir=\"ltr\">Participa\u00e7\u00e3o aberta e crit\u00e9rios de avalia\u00e7\u00e3o<\/p>\n<p>&nbsp;<\/p>\n<p dir=\"ltr\">Podem participar do desafio empresas, startups, neg\u00f3cios de impacto, organiza\u00e7\u00f5es da sociedade civil, cooperativas de cr\u00e9dito e cidad\u00e3os maiores de 18 anos, brasileiros ou estrangeiros com CPF regular. As solu\u00e7\u00f5es ser\u00e3o avaliadas por comiss\u00f5es t\u00e9cnicas com base em crit\u00e9rios como inova\u00e7\u00e3o, criatividade, potencial de escala e op\u00e7\u00f5es financeiras. O Impact Hub Brasil convida todos os interessados a contribuir com solu\u00e7\u00f5es que beneficiem diretamente as comunidades locais, promovendo a economia regional e a transforma\u00e7\u00e3o sustent\u00e1vel do pa\u00eds.<\/p>\n<p>&nbsp;<\/p>\n<p dir=\"ltr\">SERVI\u00c7O:<\/p>\n<p>&nbsp;<\/p>\n<div dir=\"ltr\" align=\"left\">\n<table>\n<colgroup>\n<col width=\"602\" \/><\/colgroup>\n<tbody>\n<tr>\n<td>\n<p dir=\"ltr\">Impulso Regional &#8211; Desafios Acelerados<\/p>\n<p dir=\"ltr\">Data das inscri\u00e7\u00f5es: De 29 de outubro a 18 de dezembro de 2024.<\/p>\n<p dir=\"ltr\">Mais informa\u00e7\u00f5es:\u00a0<a href=\"https:\/\/bit.ly\/desafiosacelerados\" target=\"_blank\" rel=\"noopener\" data-saferedirecturl=\"https:\/\/www.google.com\/url?q=https:\/\/bit.ly\/desafiosacelerados&amp;source=gmail&amp;ust=1732626689745000&amp;usg=AOvVaw0zKmUgx04t4ZUyjorJ76-W\">https:\/\/bit.ly\/<wbr \/>desafiosacelerados<\/a><\/p>\n<p dir=\"ltr\">Inscri\u00e7\u00f5es:\u00a0<a href=\"https:\/\/forms.gle\/a29dC5xfPZHr1nM1A\" target=\"_blank\" rel=\"noopener\" data-saferedirecturl=\"https:\/\/www.google.com\/url?q=https:\/\/forms.gle\/a29dC5xfPZHr1nM1A&amp;source=gmail&amp;ust=1732626689745000&amp;usg=AOvVaw0c3qACIBWPDCFadwxO7a2O\">https:\/\/forms.gle\/<wbr \/>a29dC5xfPZHr1nM1A<\/a><\/p>\n<\/td>\n<\/tr>\n<\/tbody>\n<\/table>\n<\/div>\n<p>&nbsp;<\/p>\n<p dir=\"ltr\">Sobre o Impact Hub &#8211;\u00a0O Impact Hub \u00e9 uma rede global de espa\u00e7os colaborativos, comunidades empreendedoras e programas que inspiram, conectam e escalam neg\u00f3cios de impacto. Conecta pessoas, marcas e empresas a causas de impacto que ajudam a transformar o Brasil e o mundo atrav\u00e9s de metodologias de inova\u00e7\u00e3o e desenvolvimento de neg\u00f3cios. Os espa\u00e7os inovadores dos Impact Hubs d\u00e3o suporte aos programas, ao ecossistema de impacto e geram conex\u00f5es entre as pessoas, iniciativas e projetos.<\/p>\n<p>&nbsp;<\/p>\n<p dir=\"ltr\">Impact Hub Bras\u00edlia<\/p>\n<p dir=\"ltr\">Site:<a href=\"http:\/\/brasilia.impacthub.net\/\" target=\"_blank\" rel=\"noopener\" data-saferedirecturl=\"https:\/\/www.google.com\/url?q=http:\/\/brasilia.impacthub.net\/&amp;source=gmail&amp;ust=1732626689745000&amp;usg=AOvVaw0DyIlUXMKA-Y5ff-czCrFv\">\u00a0http:\/\/brasilia.impacthub.net\/<\/a><\/p>\n<p dir=\"ltr\">End.: SGAN 601, Lote H, Edif\u00edcio \u00cdon, Ala amarela, sala 54 a 60 &#8211; Asa Norte, Bras\u00edlia-DF<\/p>\n<p dir=\"ltr\">Tel.: (61) 3550-8779<\/p>\n<p dir=\"ltr\">ASSESSORIA DE IMPRENSA \u2013 IMPACT HUB BRAS\u00cdLIA<\/p>\n<p dir=\"ltr\">Proativa Comunica\u00e7\u00e3o<\/p>\n<p dir=\"ltr\">Contatos: Fl\u00e1vio Resende (61 99216-9188) \/ Andressa Gon\u00e7alves (61 986298495)<\/p>\n<p dir=\"ltr\">E-mail:\u00a0<a href=\"mailto:proativa@proativacomunicacao.com.br\" target=\"_blank\" rel=\"noopener\">proativa@proativacomunicacao.<wbr \/>com.br<\/a>\u00a0\/\u00a0<a href=\"mailto:imprensa@proativacomunicacao.com.br\" target=\"_blank\" rel=\"noopener\">imprensa@proativacomunicacao.<wbr \/>com.br<\/a><\/p>\n<p dir=\"ltr\">Facebook\/Instagram\/Twitter: @ProativaC<\/p>\n","protected":false},"featured_media":3085,"template":"","categories":[],"tags":[],"class_list":["post-3561","noticia","type-noticia","status-publish","has-post-thumbnail","hentry"],"_links":{"self":[{"href":"https:\/\/www.proativacomunicacao.com.br\/novo\/index.php?rest_route=\/wp\/v2\/noticia\/3561","targetHints":{"allow":["GET"]}}],"collection":[{"href":"https:\/\/www.proativacomunicacao.com.br\/novo\/index.php?rest_route=\/wp\/v2\/noticia"}],"about":[{"href":"https:\/\/www.proativacomunicacao.com.br\/novo\/index.php?rest_route=\/wp\/v2\/types\/noticia"}],"wp:featuredmedia":[{"embeddable":true,"href":"https:\/\/www.proativacomunicacao.com.br\/novo\/index.php?rest_route=\/wp\/v2\/media\/3085"}],"wp:attachment":[{"href":"https:\/\/www.proativacomunicacao.com.br\/novo\/index.php?rest_route=%2Fwp%2Fv2%2Fmedia&parent=3561"}],"wp:term":[{"taxonomy":"category","embeddable":true,"href":"https:\/\/www.proativacomunicacao.com.br\/novo\/index.php?rest_route=%2Fwp%2Fv2%2Fcategories&post=3561"},{"taxonomy":"post_tag","embeddable":true,"href":"https:\/\/www.proativacomunicacao.com.br\/novo\/index.php?rest_route=%2Fwp%2Fv2%2Ftags&post=3561"}],"curies":[{"name":"wp","href":"https:\/\/api.w.org\/{rel}","templated":true}]}}