{"id":3701,"date":"2025-02-10T14:00:45","date_gmt":"2025-02-10T14:00:45","guid":{"rendered":"https:\/\/www.proativacomunicacao.com.br\/novo\/?post_type=noticia&#038;p=3701"},"modified":"2025-02-10T14:00:45","modified_gmt":"2025-02-10T14:00:45","slug":"brinquedoteca-gratis-no-acougue-do-berg-durante-o-mes-de-fevereiro","status":"publish","type":"noticia","link":"https:\/\/www.proativacomunicacao.com.br\/novo\/?noticia=brinquedoteca-gratis-no-acougue-do-berg-durante-o-mes-de-fevereiro","title":{"rendered":"Brinquedoteca gr\u00e1tis no A\u00e7ougue do Berg durante o m\u00eas de fevereiro"},"content":{"rendered":"<p>Espa\u00e7o infantil garante divers\u00e3o para as crian\u00e7as enquanto os respons\u00e1veis t\u00eam um tempo mais tranquilo para as refei\u00e7\u00f5es de segunda \u00e0 sexta<\/p>\n<p dir=\"ltr\">O A\u00e7ougue do Berg segue com a tradi\u00e7\u00e3o de oferecer um espa\u00e7o especial para a crian\u00e7ada. Durante todo o m\u00eas de fevereiro, a brinquedoteca estar\u00e1 dispon\u00edvel gratuitamente de segunda a sexta-feira, garantindo divers\u00e3o segura e confort\u00e1vel para os pequenos, enquanto os pais ou respons\u00e1veis realizam suas refei\u00e7\u00f5es.<\/p>\n<p dir=\"ltr\">O restaurante\u00a0\u2014\u00a0localizado na entrada da ASBAC (ao lado do Pier 21), conta com uma ampla brinquedoteca com brinquedos e jogos para as crian\u00e7as num espa\u00e7o seguro e supervisionado. A gratuidade \u00e9 oferecida no hor\u00e1rio do almo\u00e7o e jantar, sendo que na segunda-feira, a casa n\u00e3o abre para o jantar.<\/p>\n<p dir=\"ltr\">\u201cSempre buscamos oferecer uma experi\u00eancia completa para os clientes. Aqui, as fam\u00edlias encontram um menu para todos os gostos e ainda contam com um espa\u00e7o pensado para as crian\u00e7as se divertirem com seguran\u00e7a enquanto os pais podem aproveitar o momento de refei\u00e7\u00e3o sem se preocupar em manter os pequenos ocupados ou em distra\u00ed-los constantemente. Com isso, o ambiente se torna mais calmo e agrad\u00e1vel para todos\u201d, destaca Berg, s\u00f3cio e chef do restaurante.<\/p>\n<p dir=\"ltr\">Sobre o A\u00e7ougue do Berg \u2013\u00a0Funcionando de segunda a domingo, num espa\u00e7o arejado e de muito bom gosto, o A\u00e7ougue do Berg tem capacidade para 700 pessoas. Oferece cortes especiais: carnes Dry Aged, cortes Wagyu, lingui\u00e7as artesanais de entrada, sobremesas exclusivas (como a panqueca de doce de leite, com finaliza\u00e7\u00e3o super instagram\u00e1vel, que vem acompanhada de gelato artesanal com sabor exclusivo da casa), al\u00e9m de temperos diferenciados, facas e t\u00e1buas de primeira linha, que podem ser encontrados na boutique instalada dentro do restaurante.<\/p>\n<p>A casa disp\u00f5e al\u00e9m da brinquedoteca de, fum\u00f3dromo, espa\u00e7os para eventos e amplo estacionamento. As bebidas tamb\u00e9m s\u00e3o um show \u00e0 parte, com destaque para os drinks autorais, os v\u00e1rios tipos de cerveja, chopp gelad\u00edssimo e mais de 150 r\u00f3tulos de vinhos.<\/p>\n<p dir=\"ltr\">Menu:<a href=\"http:\/\/acouguedoberg.com.br\/\" target=\"_blank\" rel=\"noopener\" data-saferedirecturl=\"https:\/\/www.google.com\/url?q=http:\/\/acouguedoberg.com.br\/&amp;source=gmail&amp;ust=1739282382517000&amp;usg=AOvVaw3QnHjC-5iAAQw879Wac2nS\">\u00a0acouguedoberg.com.br<\/a><\/p>\n<p dir=\"ltr\">Acompanhe no\u00a0<a href=\"https:\/\/www.instagram.com\/acouguedoberg\/\" target=\"_blank\" rel=\"noopener\" data-saferedirecturl=\"https:\/\/www.google.com\/url?q=https:\/\/www.instagram.com\/acouguedoberg\/&amp;source=gmail&amp;ust=1739282382517000&amp;usg=AOvVaw1jNpAfofVYX5D9Sp2_kU22\">Instagram<br \/>\n<\/a>Reservas ou informa\u00e7\u00f5es: (61) 99175-6835 \/ (61) 2099-2989<\/p>\n<p dir=\"ltr\">ASSESSORIA DE IMPRENSA \u2013 A\u00c7OUGUE DO BERG<br \/>\nProativa Comunica\u00e7\u00e3o<br \/>\nContatos:\u00a0 Aline Ramos (61) 99846-4120 \/ Fl\u00e1vio Resende (61) 99216-9188<br \/>\nE-mail:\u00a0<a href=\"mailto:atendimento@proativacomunicacao.com.br\" target=\"_blank\" rel=\"noopener\">atendimento@<wbr \/>proativacomunicacao.com.br<\/a><br \/>\nTwitter\/Facebook\/Instagram: @ProativaC<\/p>\n","protected":false},"featured_media":0,"template":"","categories":[],"tags":[],"class_list":["post-3701","noticia","type-noticia","status-publish","hentry"],"_links":{"self":[{"href":"https:\/\/www.proativacomunicacao.com.br\/novo\/index.php?rest_route=\/wp\/v2\/noticia\/3701","targetHints":{"allow":["GET"]}}],"collection":[{"href":"https:\/\/www.proativacomunicacao.com.br\/novo\/index.php?rest_route=\/wp\/v2\/noticia"}],"about":[{"href":"https:\/\/www.proativacomunicacao.com.br\/novo\/index.php?rest_route=\/wp\/v2\/types\/noticia"}],"wp:attachment":[{"href":"https:\/\/www.proativacomunicacao.com.br\/novo\/index.php?rest_route=%2Fwp%2Fv2%2Fmedia&parent=3701"}],"wp:term":[{"taxonomy":"category","embeddable":true,"href":"https:\/\/www.proativacomunicacao.com.br\/novo\/index.php?rest_route=%2Fwp%2Fv2%2Fcategories&post=3701"},{"taxonomy":"post_tag","embeddable":true,"href":"https:\/\/www.proativacomunicacao.com.br\/novo\/index.php?rest_route=%2Fwp%2Fv2%2Ftags&post=3701"}],"curies":[{"name":"wp","href":"https:\/\/api.w.org\/{rel}","templated":true}]}}