{"id":3886,"date":"2025-05-19T21:11:23","date_gmt":"2025-05-19T21:11:23","guid":{"rendered":"https:\/\/www.proativacomunicacao.com.br\/novo\/?post_type=noticia&#038;p=3886"},"modified":"2025-05-19T21:11:23","modified_gmt":"2025-05-19T21:11:23","slug":"farmacotecnica-da-dicas-para-turbinar-a-imunidade-com-ativos-naturais","status":"publish","type":"noticia","link":"https:\/\/www.proativacomunicacao.com.br\/novo\/?noticia=farmacotecnica-da-dicas-para-turbinar-a-imunidade-com-ativos-naturais","title":{"rendered":"Farmacot\u00e9cnica d\u00e1 dicas para turbinar   a imunidade com ativos naturais"},"content":{"rendered":"<p dir=\"ltr\"><strong><em>O que fazer al\u00e9m da vacina para manter a imunidade em alta<\/em><\/strong><\/p>\n<p dir=\"ltr\">Bras\u00edlia, 19 de maio de 2025 \u2013 Com a libera\u00e7\u00e3o da vacina contra a gripe para toda a popula\u00e7\u00e3o do Distrito Federal, cresce a busca por formas complementares de fortalecer o sistema imunol\u00f3gico e prevenir doen\u00e7as respirat\u00f3rias comuns neste per\u00edodo de outono e inverno. A Farmacot\u00e9cnica, refer\u00eancia em manipula\u00e7\u00e3o de f\u00f3rmulas personalizadas h\u00e1 mais de quatro d\u00e9cadas no DF, refor\u00e7a que a imunidade pode, e deve ser estimulada por meio de nutrientes e ativos naturais, que ajudam o organismo a se manter mais forte e resistente a infec\u00e7\u00f5es.<\/p>\n<p>Segundo a farmac\u00eautica e diretora da Farmacot\u00e9cnica, Rogy Tokarski, investir em imunidade \u00e9 um compromisso com a sa\u00fade a longo prazo. \u201cA vacina\u00e7\u00e3o contra a gripe \u00e9 fundamental, especialmente para evitar complica\u00e7\u00f5es em quadros virais, mas tamb\u00e9m \u00e9 importante cuidar do corpo de dentro para fora, com suplementos e ingredientes que modulam o sistema imunol\u00f3gico de forma natural e segura\u201d, afirma.<\/p>\n<p>Entre os aliados naturais mais indicados est\u00e3o:<\/p>\n<p>Vitamina D3<\/p>\n<p>Famosa pelo papel na sa\u00fade \u00f3ssea, a vitamina D3 vai muito al\u00e9m disso. \u00c9 respons\u00e1vel por estimular a produ\u00e7\u00e3o de catalecidinas, pept\u00eddeos antimicrobianos que ajudam a regular o sistema imunol\u00f3gico. \u201cEla atua diretamente na preven\u00e7\u00e3o de infec\u00e7\u00f5es por v\u00edrus, bact\u00e9rias e fungos, tornando-se um componente essencial para quem deseja uma imunidade mais equilibrada e eficiente\u201d, explica Tokarski.<\/p>\n<p>Pr\u00f3polis Verde<\/p>\n<p>Extra\u00eddo de uma planta t\u00edpica do Brasil, o pr\u00f3polis verde tem se destacado como um dos mais potentes imunomoduladores naturais. Suas propriedades antivirais, antibacterianas e antif\u00fangicas fazem dele um verdadeiro escudo protetor para o organismo. Pode ser utilizado em forma l\u00edquida, c\u00e1psulas ou associado a outras f\u00f3rmulas manipuladas.<\/p>\n<p>C\u00farcuma (a\u00e7afr\u00e3o-da-terra)<\/p>\n<p>Utilizada h\u00e1 s\u00e9culos pela medicina tradicional, a c\u00farcuma \u00e9 considerada o anti-inflamat\u00f3rio natural mais bem estudado da atualidade. Rica em curcumina, ela reduz inflama\u00e7\u00f5es cr\u00f4nicas, contribui para o al\u00edvio de dores articulares e refor\u00e7a o sistema de defesa. \u201cPode ser consumida na alimenta\u00e7\u00e3o ou em c\u00e1psulas manipuladas, com f\u00f3rmulas que potencializam sua absor\u00e7\u00e3o\u201d, orienta a farmac\u00eautica.<\/p>\n<p>Solu\u00e7\u00e3o pr\u00e1tica: o polivitam\u00ednico<\/p>\n<p>Polivitaminico.png<br \/>\nCr\u00e9ditos: divulga\u00e7\u00e3o<\/p>\n<p>Para quem busca praticidade no dia a dia, a Farmacot\u00e9cnica desenvolve f\u00f3rmulas como o polivitam\u00ednico, que pode incluir doses ideais de vitaminas e minerais conforme as necessidades individuais, avaliadas por um profissional da sa\u00fade. Em tempo de tanto stress, suplementar vitaminas e minerais pode ser um refor\u00e7o na resist\u00eancia do seu corpo.<\/p>\n<p>Cuide de sua sa\u00fade de forma inteligente e individualizada<\/p>\n<p>A Farmacot\u00e9cnica destaca que todos os suplementos devem ser indicados por profissionais capacitados e, de prefer\u00eancia, com base em exames laboratoriais que identifiquem defici\u00eancias nutricionais e necessidades espec\u00edficas. \u201cNosso diferencial \u00e9 justamente a personaliza\u00e7\u00e3o. Cada pessoa \u00e9 \u00fanica, e sua f\u00f3rmula tamb\u00e9m deve ser\u201d, finaliza Rogy Tokarski.<\/p>\n<p>Sobre a Farmacot\u00e9cnica &#8211; Prestes a completar 50 anos, a Farmacot\u00e9cnica \u00e9 a primeira farm\u00e1cia de manipula\u00e7\u00e3o do Distrito Federal e uma das primeiras no Brasil. Se destaca pela inova\u00e7\u00e3o e qualidade de seus produtos, oferecendo solu\u00e7\u00f5es personalizadas e eficazes para a sa\u00fade e bem-estar de seus clientes. Com um compromisso cont\u00ednuo com a pesquisa e desenvolvimento, a rede brasiliense, com sete lojas no DF, busca sempre oferecer o que h\u00e1 de mais moderno e eficiente no mercado farmac\u00eautico.<\/p>\n<p>ASSESSORIA DE IMPRENSA \u2013 FARMACOT\u00c9CNICA<\/p>\n<p>Proativa Comunica\u00e7\u00e3o<\/p>\n<p>Contatos: Fl\u00e1vio Resende (61) 99216-9188 \/ Aline Ramos (61) 99846-4120 \/ Andressa Gon\u00e7alves (61) 986298495<\/p>\n<p>proativa@proativacomunicacao.com.br\/ assessoria@proativacomunicacao.com.br<\/p>\n<p>Twitter (X) \/Facebook\/Instagram: @ProativaC<\/p>\n<p>&nbsp;<\/p>\n<div>Foto\/Cr\u00e9ditos: Freepik<\/div>\n<p dir=\"ltr\">\n<p>&nbsp;<\/p>\n","protected":false},"featured_media":3887,"template":"","categories":[],"tags":[],"class_list":["post-3886","noticia","type-noticia","status-publish","has-post-thumbnail","hentry"],"_links":{"self":[{"href":"https:\/\/www.proativacomunicacao.com.br\/novo\/index.php?rest_route=\/wp\/v2\/noticia\/3886","targetHints":{"allow":["GET"]}}],"collection":[{"href":"https:\/\/www.proativacomunicacao.com.br\/novo\/index.php?rest_route=\/wp\/v2\/noticia"}],"about":[{"href":"https:\/\/www.proativacomunicacao.com.br\/novo\/index.php?rest_route=\/wp\/v2\/types\/noticia"}],"wp:featuredmedia":[{"embeddable":true,"href":"https:\/\/www.proativacomunicacao.com.br\/novo\/index.php?rest_route=\/wp\/v2\/media\/3887"}],"wp:attachment":[{"href":"https:\/\/www.proativacomunicacao.com.br\/novo\/index.php?rest_route=%2Fwp%2Fv2%2Fmedia&parent=3886"}],"wp:term":[{"taxonomy":"category","embeddable":true,"href":"https:\/\/www.proativacomunicacao.com.br\/novo\/index.php?rest_route=%2Fwp%2Fv2%2Fcategories&post=3886"},{"taxonomy":"post_tag","embeddable":true,"href":"https:\/\/www.proativacomunicacao.com.br\/novo\/index.php?rest_route=%2Fwp%2Fv2%2Ftags&post=3886"}],"curies":[{"name":"wp","href":"https:\/\/api.w.org\/{rel}","templated":true}]}}