{"id":3906,"date":"2025-05-21T13:52:23","date_gmt":"2025-05-21T13:52:23","guid":{"rendered":"https:\/\/www.proativacomunicacao.com.br\/novo\/?post_type=noticia&#038;p=3906"},"modified":"2025-05-21T13:52:23","modified_gmt":"2025-05-21T13:52:23","slug":"haras-rancho-tokarski-na-agrobrasilia-2025-mais-uma-vez","status":"publish","type":"noticia","link":"https:\/\/www.proativacomunicacao.com.br\/novo\/?noticia=haras-rancho-tokarski-na-agrobrasilia-2025-mais-uma-vez","title":{"rendered":"Haras Rancho Tokarski na AgroBras\u00edlia 2025 mais uma vez"},"content":{"rendered":"<p>Bras\u00edlia, 20 de maio de 2025 \u2013 Um dos eventos mais tradicionais do agroneg\u00f3cio no Centro-Oeste est\u00e1 de volta! A AgroBras\u00edlia 2025 come\u00e7a nesta ter\u00e7a-feira (20\/05) com uma programa\u00e7\u00e3o in\u00e9dita e ainda mais conectada com o futuro do agro. Entre os dias 20 e 24 de maio, o Parque Tecnol\u00f3gico Ivaldo Cenci ser\u00e1 palco de debates sobre tecnologia 4.0, sustentabilidade, agricultura regenerativa, caf\u00e9, protagonismo feminino e interc\u00e2mbio internacional.<\/p>\n<p>Mais uma vez, o empres\u00e1rio Rog\u00e9rio Tokarski, fundador da Farmacot\u00e9cnica e um dos grandes criadores de ovinos do pa\u00eds, participa do evento, levando 80 animais das ra\u00e7as Dorper, White Dorper e Santa In\u00eas para a exposi\u00e7\u00e3o. \u201cTeremos 60 animais puro sangue, de alta gen\u00e9tica; e 20 de meio sangue. Todos \u00e0 venda\u201d, explica o produtor rural.<\/p>\n<p>Al\u00e9m disso, o Haras Rancho Tokarski levar\u00e1 dois cavalos p\u00f4neis (tamb\u00e9m \u00e0 venda) e quadro cabe\u00e7as de gado Wagyu \u2013 ra\u00e7a conhecida por ter um elevado grau de marmoreio e uma maciez inigual\u00e1vel na carne. A carne de animais das ra\u00e7as Wagyu \u00e9 reconhecida como a carne mais nobre do mundo, maciez elevada, sabor \u00fanico e saud\u00e1vel. Os bovinos das ra\u00e7as Wagyu possuem melhor convers\u00e3o alimentar e uma maior habilidade de depositar gordura entre as fibras musculares com uma maior rapidez e efici\u00eancia em compara\u00e7\u00e3o com a outras ra\u00e7as de bovinos de origens europeias e asi\u00e1ticas.<\/p>\n<p>Rog\u00e9rio Tokarski foi um dos primeiros criadores da ra\u00e7a no Planalto Central do pa\u00eds. \u201cAcreditamos na ra\u00e7a, quando poucas pessoas a conheciam no Brasil. E estamos muito animados com a oportunidade de ajudar a difundi-la, levando esta amostra de alta gen\u00e9tica para a AgroBras\u00edlia, mais uma vez este ano\u201d, afirma.<\/p>\n<p>O Haras Rancho Tokarski est\u00e1 localizado na DF-250, N\u00facleo Rural Taquara. Al\u00e9m de proporcionar visibilidade aos criadores e fomentar neg\u00f3cios, o AgroBras\u00edlia \u00e9 uma vitrine para o desenvolvimento gen\u00e9tico e a sustentabilidade no setor agropecu\u00e1rio. \u201cAcho que participarmos de um evento como este, estamos, de alguma maneira, contribuindo significativamente para o fortalecimento da ovinocultura no Brasil\u201d, afirma o empres\u00e1rio.<\/p>\n<p>Entre os destaques da AgroBras\u00edlia 2025, est\u00e3o:<\/p>\n<p>\u2705 AITEC com 1.200 m\u00b2, mais de 20 startups, hackathon e concurso de inova\u00e7\u00e3o<\/p>\n<p>\u2705 Dia Internacional com presen\u00e7a de diplomatas de mais de 20 pa\u00edses<\/p>\n<p>\u2705 3\u00ba Encontro de Mulheres do Agro: Elas Plantam o Futuro<\/p>\n<p>\u2705 Programa\u00e7\u00e3o da Emater-DF e Embrapa voltada \u00e0 sustentabilidade e cr\u00e9dito de carbono<\/p>\n<p>\u2705 Pain\u00e9is sobre bioinsumos, ILPF e novas solu\u00e7\u00f5es para o Cerrado<\/p>\n<p>Realizada pela Cooperativa Agropecu\u00e1ria da Regi\u00e3o do Distrito Federal (Coopa-DF), a Feira AgroBras\u00edlia 2025 \u00e9 gratuita e tem o apoio dos sindicatos rurais do DF.<\/p>\n<p>SERVI\u00c7O:<\/p>\n<p>AgroBras\u00edlia 2025<\/p>\n<p>\ud83d\udccd Local: BR-251, km 5 \u2013 PAD-DF<\/p>\n<p>\ud83d\udd52 Hor\u00e1rio: 8h30 \u00e0s 18h<\/p>\n<p>\ud83c\udf9f\ufe0f Entrada gratuita<\/p>\n<p>Sobre a Farmacot\u00e9cnica &#8211; Prestes a completar 50 anos, a Farmacot\u00e9cnica \u00e9 a primeira farm\u00e1cia de manipula\u00e7\u00e3o do Distrito Federal e uma das primeiras no Brasil. Se destaca pela inova\u00e7\u00e3o e qualidade de seus produtos, oferecendo solu\u00e7\u00f5es personalizadas e eficazes para a sa\u00fade e bem-estar de seus clientes. Com um compromisso cont\u00ednuo com a pesquisa e desenvolvimento, a rede brasiliense, com sete lojas no DF, busca sempre oferecer o que h\u00e1 de mais moderno e eficiente no mercado farmac\u00eautico.<\/p>\n<p>ASSESSORIA DE IMPRENSA \u2013 FARMACOT\u00c9CNICA<\/p>\n<p>Proativa Comunica\u00e7\u00e3o<\/p>\n<p>Contatos: Fl\u00e1vio Resende (61) 99216-9188 \/ Aline Ramos (61) 99846-4120 \/ Andressa Gon\u00e7alves (61) 986298495<\/p>\n<p>proativa@proativacomunicacao.com.br\/ assessoria@proativacomunicacao.com.br<\/p>\n<p>Twitter (X) \/Facebook\/Instagram: @ProativaC<\/p>\n","protected":false},"featured_media":3907,"template":"","categories":[],"tags":[],"class_list":["post-3906","noticia","type-noticia","status-publish","has-post-thumbnail","hentry"],"_links":{"self":[{"href":"https:\/\/www.proativacomunicacao.com.br\/novo\/index.php?rest_route=\/wp\/v2\/noticia\/3906","targetHints":{"allow":["GET"]}}],"collection":[{"href":"https:\/\/www.proativacomunicacao.com.br\/novo\/index.php?rest_route=\/wp\/v2\/noticia"}],"about":[{"href":"https:\/\/www.proativacomunicacao.com.br\/novo\/index.php?rest_route=\/wp\/v2\/types\/noticia"}],"wp:featuredmedia":[{"embeddable":true,"href":"https:\/\/www.proativacomunicacao.com.br\/novo\/index.php?rest_route=\/wp\/v2\/media\/3907"}],"wp:attachment":[{"href":"https:\/\/www.proativacomunicacao.com.br\/novo\/index.php?rest_route=%2Fwp%2Fv2%2Fmedia&parent=3906"}],"wp:term":[{"taxonomy":"category","embeddable":true,"href":"https:\/\/www.proativacomunicacao.com.br\/novo\/index.php?rest_route=%2Fwp%2Fv2%2Fcategories&post=3906"},{"taxonomy":"post_tag","embeddable":true,"href":"https:\/\/www.proativacomunicacao.com.br\/novo\/index.php?rest_route=%2Fwp%2Fv2%2Ftags&post=3906"}],"curies":[{"name":"wp","href":"https:\/\/api.w.org\/{rel}","templated":true}]}}