{"id":3958,"date":"2025-06-04T14:46:22","date_gmt":"2025-06-04T14:46:22","guid":{"rendered":"https:\/\/www.proativacomunicacao.com.br\/novo\/?post_type=noticia&#038;p=3958"},"modified":"2025-06-04T14:46:22","modified_gmt":"2025-06-04T14:46:22","slug":"moda-e-afeto-junia-machado-lanca-em-parceria-com-flora-gil-colecao-de-joias-no-b-hotel-em-brasilia","status":"publish","type":"noticia","link":"https:\/\/www.proativacomunicacao.com.br\/novo\/?noticia=moda-e-afeto-junia-machado-lanca-em-parceria-com-flora-gil-colecao-de-joias-no-b-hotel-em-brasilia","title":{"rendered":"Moda e afeto: Junia Machado lan\u00e7a, em parceria com Flora Gil, cole\u00e7\u00e3o de j\u00f3ias no B Hotel, em Bras\u00edlia"},"content":{"rendered":"<p dir=\"ltr\">Bras\u00edlia recebe nesta quinta-feira (6) uma edi\u00e7\u00e3o especial da Boutique Pop Up da estilista Junia Machado. O evento acontece no sofisticado B Hotel e marca o lan\u00e7amento da nova cole\u00e7\u00e3o\u00a0LOVE, estrelada por Flora Gil.<\/p>\n<p dir=\"ltr\">Conhecida por suas cria\u00e7\u00f5es autorais e atemporais, Junia Machado traz sua loja f\u00edsica em formato itinerante para a capital federal, oferecendo uma experi\u00eancia exclusiva de moda, afeto e estilo. A cole\u00e7\u00e3o\u00a0LOVE\u00a0de Junia Machado \u00e9 inspirada nos ic\u00f4nicos cart\u00f5es &#8220;LOVE&#8221; criados por Yves Saint Laurent entre 1970 e 2000. Produzidos \u00e0 m\u00e3o com colagens e cores vibrantes, os cart\u00f5es celebravam o amor com influ\u00eancias de movimentos art\u00edsticos como o Surrealismo e o Pop Art. A cole\u00e7\u00e3o traduz esse esp\u00edrito em pe\u00e7as que unem emo\u00e7\u00e3o, arte e eleg\u00e2ncia.<\/p>\n<p dir=\"ltr\">&#8220;A proposta da Boutique Pop Up \u00e9 oferecer mais do que moda: \u00e9 criar encontros, experi\u00eancias sensoriais e conex\u00f5es verdadeiras. Trazer a Junia para Bras\u00edlia \u00e9 celebrar o talento feminino em todas as suas formas\u201d, afirma Nat\u00e1lia Brito Corr\u00eaa, co-promotora do evento.<\/p>\n<p dir=\"ltr\">A ocasi\u00e3o coincide com a passagem de Flora Gil por Bras\u00edlia, onde acompanha a turn\u00ea\u00a0Tempo Rei, em homenagem a Gilberto Gil. A produtora cultural aproveita a vinda \u00e0 cidade para receber amigas e clientes em um encontro que promete reunir arte, moda e boas conversas.<\/p>\n<p dir=\"ltr\">A Boutique Pop Up estar\u00e1 aberta ao p\u00fablico no dia 6 de junho, no B Hotel. Mais informa\u00e7\u00f5es e novidades da cole\u00e7\u00e3o est\u00e3o dispon\u00edveis no site<a href=\"http:\/\/www.juniamachado.com.br\/\" target=\"_blank\" rel=\"noopener\" data-saferedirecturl=\"https:\/\/www.google.com\/url?q=http:\/\/www.juniamachado.com.br&amp;source=gmail&amp;ust=1749130903764000&amp;usg=AOvVaw2euENV0c4rTiElSg6HzDrM\">\u00a0www.juniamachado.com.br<\/a>\u00a0e no Instagram @juniamachado.<\/p>\n<p>&nbsp;<\/p>\n<p dir=\"ltr\">ASSESSORIA DE IMPRENSA<\/p>\n<p dir=\"ltr\">Proativa Comunica\u00e7\u00e3o<\/p>\n<p dir=\"ltr\">Contatos: Fl\u00e1vio Resende (61) 99216-9188 \/ Andressa Gon\u00e7alves (61) 98629-8495<\/p>\n<p dir=\"ltr\">E-mail:\u00a0<a href=\"mailto:proativa@proativacomunicacao.com.br\" target=\"_blank\" rel=\"noopener\">proativa@<wbr \/>proativacomunicacao.com.br<\/a>\u00a0\/\u00a0<a href=\"mailto:imprensa@proativacomunicacao.com.br\" target=\"_blank\" rel=\"noopener\">imprensa@proativacomunicacao.<wbr \/>com.br<\/a><\/p>\n<p dir=\"ltr\">Facebook\/ Instagram:@ProativaC<\/p>\n","protected":false},"featured_media":3959,"template":"","categories":[],"tags":[],"class_list":["post-3958","noticia","type-noticia","status-publish","has-post-thumbnail","hentry"],"_links":{"self":[{"href":"https:\/\/www.proativacomunicacao.com.br\/novo\/index.php?rest_route=\/wp\/v2\/noticia\/3958","targetHints":{"allow":["GET"]}}],"collection":[{"href":"https:\/\/www.proativacomunicacao.com.br\/novo\/index.php?rest_route=\/wp\/v2\/noticia"}],"about":[{"href":"https:\/\/www.proativacomunicacao.com.br\/novo\/index.php?rest_route=\/wp\/v2\/types\/noticia"}],"wp:featuredmedia":[{"embeddable":true,"href":"https:\/\/www.proativacomunicacao.com.br\/novo\/index.php?rest_route=\/wp\/v2\/media\/3959"}],"wp:attachment":[{"href":"https:\/\/www.proativacomunicacao.com.br\/novo\/index.php?rest_route=%2Fwp%2Fv2%2Fmedia&parent=3958"}],"wp:term":[{"taxonomy":"category","embeddable":true,"href":"https:\/\/www.proativacomunicacao.com.br\/novo\/index.php?rest_route=%2Fwp%2Fv2%2Fcategories&post=3958"},{"taxonomy":"post_tag","embeddable":true,"href":"https:\/\/www.proativacomunicacao.com.br\/novo\/index.php?rest_route=%2Fwp%2Fv2%2Ftags&post=3958"}],"curies":[{"name":"wp","href":"https:\/\/api.w.org\/{rel}","templated":true}]}}