{"id":3967,"date":"2025-06-06T19:02:58","date_gmt":"2025-06-06T19:02:58","guid":{"rendered":"https:\/\/www.proativacomunicacao.com.br\/novo\/?post_type=noticia&#038;p=3967"},"modified":"2025-06-06T19:02:58","modified_gmt":"2025-06-06T19:02:58","slug":"no-dia-mundial-do-meio-ambiente-farmacotecnica-lanca-ponto-permanente-de-coleta-para-descarte-de-medicamentos","status":"publish","type":"noticia","link":"https:\/\/www.proativacomunicacao.com.br\/novo\/?noticia=no-dia-mundial-do-meio-ambiente-farmacotecnica-lanca-ponto-permanente-de-coleta-para-descarte-de-medicamentos","title":{"rendered":"No Dia Mundial do Meio Ambiente, Farmacot\u00e9cnica lan\u00e7a ponto permanente de coleta para descarte de medicamentos"},"content":{"rendered":"<p><strong><em>Projeto Destino Certo refor\u00e7a o compromisso da empresa com a sa\u00fade p\u00fablica e a preserva\u00e7\u00e3o ambiental, oferecendo \u00e0 popula\u00e7\u00e3o uma forma segura e sustent\u00e1vel de descartar medicamentos vencidos e embalagens usadas<\/em><\/strong><\/p>\n<p dir=\"ltr\">Bras\u00edlia, 5 de junho de 2025 \u2013\u00a0Neste 5 de junho, Dia Mundial do Meio Ambiente, a Farmacot\u00e9cnica, refer\u00eancia em manipula\u00e7\u00e3o farmac\u00eautica no Centro-Oeste, d\u00e1 um passo importante em dire\u00e7\u00e3o \u00e0 sustentabilidade com o Projeto Destino Certo. A iniciativa estabelece um ponto de coleta permanente em suas unidades para o descarte correto de medicamentos vencidos e embalagens usadas \u2014 a\u00e7\u00e3o que visa proteger o meio ambiente e conscientizar a popula\u00e7\u00e3o sobre os impactos do descarte inadequado.<\/p>\n<p dir=\"ltr\">\u201cMuitas pessoas ainda desconhecem o impacto negativo que o descarte incorreto de medicamentos pode causar ao meio ambiente e \u00e0 sa\u00fade p\u00fablica. Jogar comprimidos no lixo comum ou na rede de esgoto pode contaminar o solo e a \u00e1gua, atingindo toda a popula\u00e7\u00e3o. Com o Projeto Destino Certo, queremos oferecer uma solu\u00e7\u00e3o pr\u00e1tica e acess\u00edvel para quem deseja fazer o descarte correto\u201d, explica Leandra S\u00e1, coordenadora farmac\u00eautica da Farmacot\u00e9cnica.<\/p>\n<p dir=\"ltr\">Segundo o Minist\u00e9rio do Meio Ambiente, milh\u00f5es de toneladas de res\u00edduos farmac\u00eauticos s\u00e3o descartadas de forma inadequada no Brasil todos os anos, o que representa um risco crescente \u00e0 sa\u00fade ambiental e \u00e0 seguran\u00e7a coletiva. Com essa preocupa\u00e7\u00e3o em mente, a Farmacot\u00e9cnica se antecipa \u00e0 legisla\u00e7\u00e3o e coloca em pr\u00e1tica um projeto alinhado ao Decreto n\u00ba 10.388\/2020, \u00e0 Pol\u00edtica Nacional de Res\u00edduos S\u00f3lidos e \u00e0s leis distritais que regulamentam o descarte de res\u00edduos farmac\u00eauticos.<\/p>\n<p dir=\"ltr\">\u201cA Farmacot\u00e9cnica se preocupa com a sa\u00fade em todos os sentidos. Al\u00e9m de oferecer medicamentos personalizados e de qualidade, estamos atentos \u00e0 preserva\u00e7\u00e3o do planeta. O Projeto Destino Certo reflete nossa miss\u00e3o de cuidar das pessoas e do meio ambiente, garantindo que os res\u00edduos recebam o tratamento adequado, como a incinera\u00e7\u00e3o ou destina\u00e7\u00e3o em locais apropriados\u201d, afirma Rog\u00e9rio Tokarski, diretor da Farmacot\u00e9cnica.<\/p>\n<p dir=\"ltr\">Al\u00e9m da coleta, a empresa est\u00e1 promovendo campanhas educativas com dicas pr\u00e1ticas para que os clientes saibam como separar, armazenar e descartar corretamente os medicamentos. Entre as orienta\u00e7\u00f5es: manter os produtos na embalagem original, descartar caixas e bulas junto aos rem\u00e9dios, n\u00e3o jogar no lixo comum, pia ou vaso sanit\u00e1rio, e jamais doar medicamentos sem orienta\u00e7\u00e3o profissional.<\/p>\n<p dir=\"ltr\">Com o Projeto Destino Certo, a Farmacot\u00e9cnica refor\u00e7a que cuidar da sa\u00fade \u00e9 tamb\u00e9m cuidar do meio ambiente. A expectativa \u00e9 de que a campanha se torne permanente, promovendo o engajamento da comunidade local e contribuindo para um futuro mais sustent\u00e1vel. Afinal, no Dia Mundial do Meio Ambiente \u2014 e em todos os outros dias \u2014 cada atitude consciente faz a diferen\u00e7a.<\/p>\n<p dir=\"ltr\">Sobre a Farmacot\u00e9cnica &#8211;\u00a0Prestes a completar 50 anos, a Farmacot\u00e9cnica \u00e9 a primeira farm\u00e1cia de manipula\u00e7\u00e3o do Distrito Federal e uma das primeiras no Brasil. Se destaca pela inova\u00e7\u00e3o e qualidade de seus produtos, oferecendo solu\u00e7\u00f5es personalizadas e eficazes para a sa\u00fade e bem-estar de seus clientes. Com um compromisso cont\u00ednuo com a pesquisa e desenvolvimento, a rede brasiliense, com sete lojas no DF, busca sempre oferecer o que h\u00e1 de mais moderno e eficiente no mercado farmac\u00eautico.<\/p>\n<p>&nbsp;<\/p>\n<p dir=\"ltr\">ASSESSORIA DE IMPRENSA \u2013 FARMACOT\u00c9CNICA<\/p>\n<p dir=\"ltr\">Proativa Comunica\u00e7\u00e3o<\/p>\n<p dir=\"ltr\">Contatos: Fl\u00e1vio Resende (61) 99216-9188 \/ Aline Ramos (61) 99846-4120 \/ Andressa Gon\u00e7alves (61) 986298495<\/p>\n<p dir=\"ltr\"><a href=\"mailto:proativa@proativacomunicacao.com.br\" target=\"_blank\" rel=\"noopener\">proativa@proativacomunicacao.<wbr \/>com.br<\/a>\/ assessoria<a href=\"mailto:rpdigital@proativacomunicacao.com.br\" target=\"_blank\" rel=\"noopener\">@<wbr \/>proativacomunicacao.com.br<\/a><\/p>\n<p dir=\"ltr\">Twitter (X) \/Facebook\/Instagram: @ProativaC<\/p>\n","protected":false},"featured_media":3968,"template":"","categories":[],"tags":[],"class_list":["post-3967","noticia","type-noticia","status-publish","has-post-thumbnail","hentry"],"_links":{"self":[{"href":"https:\/\/www.proativacomunicacao.com.br\/novo\/index.php?rest_route=\/wp\/v2\/noticia\/3967","targetHints":{"allow":["GET"]}}],"collection":[{"href":"https:\/\/www.proativacomunicacao.com.br\/novo\/index.php?rest_route=\/wp\/v2\/noticia"}],"about":[{"href":"https:\/\/www.proativacomunicacao.com.br\/novo\/index.php?rest_route=\/wp\/v2\/types\/noticia"}],"wp:featuredmedia":[{"embeddable":true,"href":"https:\/\/www.proativacomunicacao.com.br\/novo\/index.php?rest_route=\/wp\/v2\/media\/3968"}],"wp:attachment":[{"href":"https:\/\/www.proativacomunicacao.com.br\/novo\/index.php?rest_route=%2Fwp%2Fv2%2Fmedia&parent=3967"}],"wp:term":[{"taxonomy":"category","embeddable":true,"href":"https:\/\/www.proativacomunicacao.com.br\/novo\/index.php?rest_route=%2Fwp%2Fv2%2Fcategories&post=3967"},{"taxonomy":"post_tag","embeddable":true,"href":"https:\/\/www.proativacomunicacao.com.br\/novo\/index.php?rest_route=%2Fwp%2Fv2%2Ftags&post=3967"}],"curies":[{"name":"wp","href":"https:\/\/api.w.org\/{rel}","templated":true}]}}