{"id":4048,"date":"2025-06-30T20:13:06","date_gmt":"2025-06-30T20:13:06","guid":{"rendered":"https:\/\/www.proativacomunicacao.com.br\/novo\/?post_type=noticia&#038;p=4048"},"modified":"2025-06-30T20:13:06","modified_gmt":"2025-06-30T20:13:06","slug":"micro-e-pequenas-empresas-sustentam-a-base-da-construcao-civil","status":"publish","type":"noticia","link":"https:\/\/www.proativacomunicacao.com.br\/novo\/?noticia=micro-e-pequenas-empresas-sustentam-a-base-da-construcao-civil","title":{"rendered":"Micro e pequenas empresas sustentam  a base da constru\u00e7\u00e3o civil"},"content":{"rendered":"<p dir=\"ltr\" style=\"text-align: center;\"><strong><em>Profissionais da base da constru\u00e7\u00e3o civil sustentam o empreendedorismo local em um pa\u00eds com 90% de sua base empresarial de pequeno porte<\/em><\/strong><\/p>\n<p dir=\"ltr\">Bras\u00edlia, 30 de junho de 2025 &#8211;\u00a0As micro e pequenas empresas representam quase 90% de todos os neg\u00f3cios no Brasil, geram mais da metade dos empregos formais e respondem por cerca de 30% do PIB nacional, segundo dados do Sebrae. S\u00e3o n\u00fameros que comprovam o peso desse segmento na economia, especialmente em \u00e1reas essenciais como a constru\u00e7\u00e3o civil. No setor, empreendedores como serralheiros, mestres de obras e pequenos lojistas movimentam diariamente a base de grandes transforma\u00e7\u00f5es urbanas.<\/p>\n<p dir=\"ltr\">\n<p dir=\"ltr\">Na Pinheiro Ferragens, empresa brasiliense refer\u00eancia no fornecimento de a\u00e7o no DF e Entorno, esse p\u00fablico representa a maior parte da clientela. Para Janine Brito, CEO da empresa e presidente do LIDE Mulher Bras\u00edlia, valorizar esses profissionais \u00e9 reconhecer a for\u00e7a que sustenta o crescimento do setor. \u201cEsses pequenos neg\u00f3cios s\u00e3o o cora\u00e7\u00e3o da constru\u00e7\u00e3o civil. S\u00e3o empreendedores que, muitas vezes sozinhos ou com equipes reduzidas, tocam obras, enfrentam os desafios da economia e mant\u00eam o setor funcionando. Nosso papel como empresa \u00e9 crescer junto com eles, oferecendo apoio t\u00e9cnico, escuta ativa e produtos que atendam suas necessidades\u201d, afirma Janine.<\/p>\n<p dir=\"ltr\">\n<p dir=\"ltr\">A data de 27 de junho, reconhecida pela ONU como o Dia Internacional das Micro, Pequenas e M\u00e9dias Empresas, \u00e9 uma oportunidade de refletir sobre as pol\u00edticas p\u00fablicas, o acesso ao cr\u00e9dito e, principalmente, o incentivo \u00e0 forma\u00e7\u00e3o e ao associativismo. Para Janine, a participa\u00e7\u00e3o em redes como o LIDE tem sido essencial nesse processo. \u201cEstar em grupos empresariais, trocar experi\u00eancias e estudar gest\u00e3o nos fortalece. Quando mulheres se re\u00fanem para liderar com prop\u00f3sito, e quando empresas enxergam os pequenos como aliados estrat\u00e9gicos, o mercado se transforma. Esta vis\u00e3o colaborativa \u00e9 o que tem nos guiado na Pinheiro Ferragens\u201d, refor\u00e7a.<\/p>\n<p dir=\"ltr\">\n<p dir=\"ltr\">De acordo com levantamento da Ag\u00eancia Brasil, mais de 4,16 milh\u00f5es de novos pequenos neg\u00f3cios foram registrados apenas em 2024 \u2014 um crescimento de 21% em rela\u00e7\u00e3o ao ano anterior. A constru\u00e7\u00e3o civil est\u00e1 entre os setores mais impactados positivamente, com alta demanda por servi\u00e7os aut\u00f4nomos e m\u00e3o de obra especializada.<\/p>\n<p dir=\"ltr\">\n<p dir=\"ltr\">Nesse contexto, a Pinheiro Ferragens tem investido em estrat\u00e9gias de relacionamento e atendimento especializado para pequenos empreendedores, promovendo um ecossistema de confian\u00e7a e desenvolvimento m\u00fatuo. \u201cCelebrar o Dia das Micro e Pequenas Empresas \u00e9, para n\u00f3s, lembrar diariamente quem s\u00e3o os verdadeiros construtores do nosso pa\u00eds. A nossa miss\u00e3o, portanto, \u00e9 garantir que eles tenham estrutura, acesso e voz\u201d, conclui Janine.<\/p>\n<p dir=\"ltr\">\n<p dir=\"ltr\">Sobre a Pinheiro Ferragens \u2013\u00a0Fundada em 1960, a empresa nasceu com o objetivo de comercializar a\u00e7o para a constru\u00e7\u00e3o civil. De base familiar e pioneira na capital, foi respons\u00e1vel por oferecer grande parte dos materiais para a constru\u00e7\u00e3o de Bras\u00edlia. Atualmente, a empresa trabalha com um mix de mais de dois mil produtos comercializados e industrializados. Localizada no Setor de Ind\u00fastrias de Bras\u00edlia e Taguatinga, a loja possui moderna estrutura e servi\u00e7os diferenciados.<\/p>\n<p dir=\"ltr\">\n<p dir=\"ltr\">Assista os v\u00eddeos institucionais da Pinheiro Ferragens:<\/p>\n<p dir=\"ltr\"><a href=\"https:\/\/www.youtube.com\/watch?v=Fj3vzzAvijk&amp;list=WL&amp;index=4\" target=\"_blank\" rel=\"noopener\" data-saferedirecturl=\"https:\/\/www.google.com\/url?q=https:\/\/www.youtube.com\/watch?v%3DFj3vzzAvijk%26list%3DWL%26index%3D4&amp;source=gmail&amp;ust=1751391957962000&amp;usg=AOvVaw31Rx48YQp8wB3pfdkDfjCZ\">https:\/\/www.youtube.com\/watch?<wbr \/>v=Fj3vzzAvijk&amp;list=WL&amp;index=4<\/a><\/p>\n<p dir=\"ltr\"><a href=\"https:\/\/www.youtube.com\/watch?v=tbAINAexhSI&amp;list=WL&amp;index=2\" target=\"_blank\" rel=\"noopener\" data-saferedirecturl=\"https:\/\/www.google.com\/url?q=https:\/\/www.youtube.com\/watch?v%3DtbAINAexhSI%26list%3DWL%26index%3D2&amp;source=gmail&amp;ust=1751391957962000&amp;usg=AOvVaw1cwPOAV08bPipJ-p3ArMCY\">https:\/\/www.youtube.com\/watch?<wbr \/>v=tbAINAexhSI&amp;list=WL&amp;index=2<\/a><\/p>\n<p dir=\"ltr\">SERVI\u00c7O:<\/p>\n<p dir=\"ltr\">Pinheiro SIA<\/p>\n<p dir=\"ltr\">Telefone: (61) 3012-8181<\/p>\n<p dir=\"ltr\">SIA Trecho 2\/3 em frente ao SEBRAE<\/p>\n<p dir=\"ltr\">Pinheiro Taguatinga<\/p>\n<p dir=\"ltr\">Telefone: (61) 3354-8181<\/p>\n<p dir=\"ltr\">QI 11 Lotes 2\/26 Taguatinga\/DF<\/p>\n<p dir=\"ltr\">ASSESSORIA DE IMPRENSA \u2013 PINHEIRO FERRAGENS<\/p>\n<p dir=\"ltr\">Proativa Comunica\u00e7\u00e3o<\/p>\n<p dir=\"ltr\">Contatos: Fl\u00e1vio Resende (61) 99216-9188 \/ Andressa Gon\u00e7alves (61) 98629-8495<\/p>\n<p dir=\"ltr\">E-mail:\u00a0<a href=\"mailto:proativa@proativacomunicacao.com.br\" target=\"_blank\" rel=\"noopener\">proativa@<wbr \/>proativacomunicacao.com.br<\/a>\u00a0\/\u00a0<a href=\"mailto:imprensa@proativacomunicacao.com.br\" target=\"_blank\" rel=\"noopener\">imprensa@proativacomunicacao.<wbr \/>com.br<\/a><\/p>\n<p dir=\"ltr\">Facebook\/ Instagram:@ProativaC<\/p>\n","protected":false},"featured_media":4049,"template":"","categories":[],"tags":[],"class_list":["post-4048","noticia","type-noticia","status-publish","has-post-thumbnail","hentry"],"_links":{"self":[{"href":"https:\/\/www.proativacomunicacao.com.br\/novo\/index.php?rest_route=\/wp\/v2\/noticia\/4048","targetHints":{"allow":["GET"]}}],"collection":[{"href":"https:\/\/www.proativacomunicacao.com.br\/novo\/index.php?rest_route=\/wp\/v2\/noticia"}],"about":[{"href":"https:\/\/www.proativacomunicacao.com.br\/novo\/index.php?rest_route=\/wp\/v2\/types\/noticia"}],"wp:featuredmedia":[{"embeddable":true,"href":"https:\/\/www.proativacomunicacao.com.br\/novo\/index.php?rest_route=\/wp\/v2\/media\/4049"}],"wp:attachment":[{"href":"https:\/\/www.proativacomunicacao.com.br\/novo\/index.php?rest_route=%2Fwp%2Fv2%2Fmedia&parent=4048"}],"wp:term":[{"taxonomy":"category","embeddable":true,"href":"https:\/\/www.proativacomunicacao.com.br\/novo\/index.php?rest_route=%2Fwp%2Fv2%2Fcategories&post=4048"},{"taxonomy":"post_tag","embeddable":true,"href":"https:\/\/www.proativacomunicacao.com.br\/novo\/index.php?rest_route=%2Fwp%2Fv2%2Ftags&post=4048"}],"curies":[{"name":"wp","href":"https:\/\/api.w.org\/{rel}","templated":true}]}}