{"id":4077,"date":"2025-07-09T14:57:26","date_gmt":"2025-07-09T14:57:26","guid":{"rendered":"https:\/\/www.proativacomunicacao.com.br\/novo\/?post_type=noticia&#038;p=4077"},"modified":"2025-07-09T14:57:26","modified_gmt":"2025-07-09T14:57:26","slug":"ultimos-dias-para-garantir-os-ingressos-para-o-espetaculo-conversa-de-drags","status":"publish","type":"noticia","link":"https:\/\/www.proativacomunicacao.com.br\/novo\/?noticia=ultimos-dias-para-garantir-os-ingressos-para-o-espetaculo-conversa-de-drags","title":{"rendered":"\u00daltimos dias para garantir os ingressos   para o espet\u00e1culo \u201cConversa de Drags\u201d"},"content":{"rendered":"<p dir=\"ltr\" style=\"text-align: center;\"><strong><em>Com entrada franca mediante retirada de ingresso na plataforma Sympla, a pe\u00e7a promove reflex\u00f5es sobre inclus\u00e3o, afeto e liberdade com apoio do FAC-DF<\/em><\/strong><\/p>\n<p dir=\"ltr\">Bras\u00edlia, 9 de julho de 2025 &#8211;\u00a0O espet\u00e1culo \u201cConversa de Drags\u201d retorna a Bras\u00edlia nos dias 12 e 13 de julho, no Espa\u00e7o Cultural Renato Russo, com entrada gratuita. A pe\u00e7a \u00e9 protagonizada por Lucio Piantino, reconhecido como a primeira drag queen brasileira com S\u00edndrome de Down, ao lado de sua m\u00e3e, a atriz Lurdinha Danezy. Os ingressos j\u00e1 podem ser retirados pelo Sympla:\u00a0<a href=\"http:\/\/sympla.com.br\/evento\/conversa-de-drags\/3018168\" target=\"_blank\" rel=\"noopener\" data-saferedirecturl=\"https:\/\/www.google.com\/url?q=http:\/\/sympla.com.br\/evento\/conversa-de-drags\/3018168&amp;source=gmail&amp;ust=1752155639163000&amp;usg=AOvVaw1bRe8CSEpQMN12tJWFi4Zp\">sympla.com.br\/evento\/conversa-<wbr \/>de-drags\/3018168<\/a>.<\/p>\n<p dir=\"ltr\">\n<p dir=\"ltr\">Em sua terceira temporada, o espet\u00e1culo mistura humor, emo\u00e7\u00e3o e informa\u00e7\u00e3o para tratar de temas como identidade de g\u00eanero, sexualidade da pessoa com defici\u00eancia, inclus\u00e3o e afeto familiar. Inspirada na trajet\u00f3ria real dos artistas, a narrativa prop\u00f5e reflex\u00f5es sobre liberdade de express\u00e3o e o direito de todos ocuparem os palcos da vida. Todas as sess\u00f5es contar\u00e3o com Libras e audiodescri\u00e7\u00e3o, garantindo acessibilidade plena ao p\u00fablico.<\/p>\n<p dir=\"ltr\">\n<p dir=\"ltr\">A produ\u00e7\u00e3o \u00e9 da Cia Diversos Dias, com dire\u00e7\u00e3o de M\u00f4nica Gaspar e apoio do Fundo de Apoio \u00e0 Cultura do DF (FAC). Com figurinos vibrantes, di\u00e1logos afiados e uma proposta de transforma\u00e7\u00e3o social, Conversa de Drags convida o p\u00fablico a rir, se emocionar e ampliar o olhar sobre diversidade e empatia.<\/p>\n<p dir=\"ltr\">\n<p dir=\"ltr\">Ficha T\u00e9cnica:<\/p>\n<p dir=\"ltr\">\n<ul>\n<li dir=\"ltr\">\n<p dir=\"ltr\" role=\"presentation\">T\u00edtulo: Conversa de Drags<\/p>\n<\/li>\n<li dir=\"ltr\">\n<p dir=\"ltr\" role=\"presentation\">Dire\u00e7\u00e3o: M\u00f4nica Gaspar<\/p>\n<\/li>\n<li dir=\"ltr\">\n<p dir=\"ltr\" role=\"presentation\">Idealiza\u00e7\u00e3o e Protagonistas: Lucio Piantino (\u00darsula Up) e Lurdinha Danezy (Odete Croquete)<\/p>\n<\/li>\n<li dir=\"ltr\">\n<p dir=\"ltr\" role=\"presentation\">Companhia: Cia Diversos Dias<\/p>\n<\/li>\n<li dir=\"ltr\">\n<p dir=\"ltr\" role=\"presentation\">Patroc\u00ednio: Fundo de Apoio \u00e0 Cultura do Distrito Federal (FAC)<\/p>\n<\/li>\n<li dir=\"ltr\">\n<p dir=\"ltr\" role=\"presentation\">Temporada: 3\u00aa Temporada<\/p>\n<\/li>\n<li dir=\"ltr\">\n<p dir=\"ltr\" role=\"presentation\">Acessibilidade: Tradu\u00e7\u00e3o em libras e audiodescri\u00e7\u00e3o na sess\u00e3o de 12 de julho<\/p>\n<\/li>\n<li dir=\"ltr\">\n<p dir=\"ltr\" role=\"presentation\">P\u00fablico: 14 anos<\/p>\n<\/li>\n<\/ul>\n<p dir=\"ltr\">SERVI\u00c7O:<\/p>\n<p dir=\"ltr\">\n<div dir=\"ltr\" align=\"left\">\n<table>\n<colgroup>\n<col \/><\/colgroup>\n<tbody>\n<tr>\n<td>\n<p dir=\"ltr\">Espet\u00e1culo \u201cConversa de Drags\u201d \u2013 Terceira Temporada<\/p>\n<p dir=\"ltr\">Local: Espa\u00e7o Renato Russo \u2013 Bras\u00edlia\/DF<\/p>\n<p dir=\"ltr\">Datas: 12 e 13 de julho de 2025<\/p>\n<p dir=\"ltr\">Entrada gratuita<\/p>\n<p dir=\"ltr\">Siga as novidades em\u00a0@espetaculoconversadedrags (Instagram)<\/p>\n<\/td>\n<\/tr>\n<\/tbody>\n<\/table>\n<\/div>\n<p dir=\"ltr\">\n<p dir=\"ltr\">ASSESSORIA DE IMPRENSA &#8211; ESPET\u00c1CULO CONVERSA DE DRAGS<\/p>\n<p dir=\"ltr\">Proativa Comunica\u00e7\u00e3o<\/p>\n<p dir=\"ltr\">Contatos: Fl\u00e1vio Resende (61) 99216-9188 \/ Andressa Gon\u00e7alves (61) 98629-8495<\/p>\n<p dir=\"ltr\">E-mail:\u00a0<a href=\"mailto:imprensa@proativacomunicacao.com.br\" target=\"_blank\" rel=\"noopener\">imprensa@<wbr \/>proativacomunicacao.com.br<\/a><\/p>\n<p dir=\"ltr\">Facebook\/Instagram: @ProativaC<\/p>\n","protected":false},"featured_media":4078,"template":"","categories":[],"tags":[],"class_list":["post-4077","noticia","type-noticia","status-publish","has-post-thumbnail","hentry"],"_links":{"self":[{"href":"https:\/\/www.proativacomunicacao.com.br\/novo\/index.php?rest_route=\/wp\/v2\/noticia\/4077","targetHints":{"allow":["GET"]}}],"collection":[{"href":"https:\/\/www.proativacomunicacao.com.br\/novo\/index.php?rest_route=\/wp\/v2\/noticia"}],"about":[{"href":"https:\/\/www.proativacomunicacao.com.br\/novo\/index.php?rest_route=\/wp\/v2\/types\/noticia"}],"wp:featuredmedia":[{"embeddable":true,"href":"https:\/\/www.proativacomunicacao.com.br\/novo\/index.php?rest_route=\/wp\/v2\/media\/4078"}],"wp:attachment":[{"href":"https:\/\/www.proativacomunicacao.com.br\/novo\/index.php?rest_route=%2Fwp%2Fv2%2Fmedia&parent=4077"}],"wp:term":[{"taxonomy":"category","embeddable":true,"href":"https:\/\/www.proativacomunicacao.com.br\/novo\/index.php?rest_route=%2Fwp%2Fv2%2Fcategories&post=4077"},{"taxonomy":"post_tag","embeddable":true,"href":"https:\/\/www.proativacomunicacao.com.br\/novo\/index.php?rest_route=%2Fwp%2Fv2%2Ftags&post=4077"}],"curies":[{"name":"wp","href":"https:\/\/api.w.org\/{rel}","templated":true}]}}