{"id":4122,"date":"2025-07-29T15:11:00","date_gmt":"2025-07-29T15:11:00","guid":{"rendered":"https:\/\/www.proativacomunicacao.com.br\/novo\/?post_type=noticia&#038;p=4122"},"modified":"2025-07-29T15:11:00","modified_gmt":"2025-07-29T15:11:00","slug":"df-plaza-shopping-amplia-mix-de-lojas-com-novas-operacoes-e-anuncia-a-chegada-do-novo-superintendente","status":"publish","type":"noticia","link":"https:\/\/www.proativacomunicacao.com.br\/novo\/?noticia=df-plaza-shopping-amplia-mix-de-lojas-com-novas-operacoes-e-anuncia-a-chegada-do-novo-superintendente","title":{"rendered":"DF Plaza Shopping amplia mix de lojas com novas opera\u00e7\u00f5es e anuncia a chegada do novo superintendente"},"content":{"rendered":"<p style=\"text-align: center;\"><strong><em>O Superintendente Reynaldo Abreu, assume a gest\u00e3o do DF Plaza Shopping com inaugura\u00e7\u00f5es de marcas como Natura e Leitura<\/em><\/strong><\/p>\n<p>&nbsp;<\/p>\n<p dir=\"ltr\">Bras\u00edlia, 28 de julho de 2025 &#8211;\u00a0O\u00a0<span class=\"il\">DF<\/span>\u00a0<span class=\"il\">Plaza<\/span>\u00a0Shopping segue investindo na qualifica\u00e7\u00e3o de seu mix de lojas e acaba de anunciar a chegada de novas opera\u00e7\u00f5es nos segmentos de gastronomia, moda, beleza e cultura. Entre as novidades, est\u00e1 a j\u00e1 inaugurada Natura, que oferece uma experi\u00eancia sensorial com os principais produtos da marca de cosm\u00e9ticos brasileira.<\/p>\n<p dir=\"ltr\">A tradicional Livraria Leitura abre suas portas em agosto com um amplo acervo de livros, papelaria e itens de tecnologia. Na \u00e1rea gastron\u00f4mica, o Madero, um dos restaurantes mais reconhecidos do pa\u00eds, passa a integrar a pra\u00e7a gourmet do shopping, com seu card\u00e1pio voltado \u00e0 cozinha casual premium. E no segmento de moda feminina, a Morena Rosa inaugurada em julho tr\u00e1z cole\u00e7\u00f5es contempor\u00e2neas, alinhadas \u00e0 est\u00e9tica da mulher moderna e sofisticada.<\/p>\n<p dir=\"ltr\">Outra novidade \u00e9 a chegada do novo superintendente, Reynaldo Abreu, com mais de 16 anos de experi\u00eancia no mercado, tendo sido superintendente dos empreendimentos: Iguatemi Bras\u00edlia, Iguatemi Campinas, Iguatemi S\u00e3o Carlos, Flamboyant Shopping\u00a0 e Aparecida Shopping.<\/p>\n<p dir=\"ltr\">\u201cA chegada dessas marcas acontece em um momento estrat\u00e9gico e fortalece o posicionamento do\u00a0<span class=\"il\">DF<\/span>\u00a0<span class=\"il\">Plaza<\/span>\u00a0como um espa\u00e7o moderno, inclusivo e conectado aos desejos dos nossos clientes. S\u00e3o opera\u00e7\u00f5es que agregam valor \u00e0 experi\u00eancia do consumidor, promovendo bem-estar, cultura, gastronomia de qualidade e as \u00faltimas tend\u00eancias da moda e da beleza, reafirmando o nosso compromisso com o fortalecimento do varejo local e com a oferta de uma jornada de consumo completa&#8221;, destaca Reynaldo Abreu.<\/p>\n<p dir=\"ltr\">SERVI\u00c7O:<\/p>\n<p dir=\"ltr\"><span class=\"il\">DF<\/span>\u00a0<span class=\"il\">Plaza<\/span>\u00a0Shopping<\/p>\n<p dir=\"ltr\">Rua Copa\u00edba, lote 1 &#8211; \u00c1guas Claras<\/p>\n<p dir=\"ltr\">Informa\u00e7\u00f5es: 61 99663-6939 \/ 61 3451-5750<\/p>\n<p dir=\"ltr\">Canais digitais:\u00a0<a href=\"http:\/\/www.dfplaza.com.br\/\" target=\"_blank\" rel=\"noopener\" data-saferedirecturl=\"https:\/\/www.google.com\/url?q=http:\/\/www.dfplaza.com.br\/&amp;source=gmail&amp;ust=1753881166002000&amp;usg=AOvVaw1pChz2OKq0qulJ5VDLiDtr\">http:\/\/www.dfplaza.<wbr \/>com.br\/<\/a><\/p>\n<p dir=\"ltr\">Instagram: @dfplazashopping<\/p>\n<p>&nbsp;<\/p>\n<p dir=\"ltr\">ASSESSORIA DE IMPRENSA \u2013\u00a0<span class=\"il\">DF<\/span>\u00a0<span class=\"il\">PLAZA<\/span>\u00a0SHOPPING<\/p>\n<p dir=\"ltr\">Proativa Comunica\u00e7\u00e3o<\/p>\n<p dir=\"ltr\">Contatos: Fl\u00e1vio Resende (61) 99216-9188<\/p>\n<p dir=\"ltr\">\u00a0Andressa Gon\u00e7alves (61) 98629-8495<\/p>\n<p dir=\"ltr\">E-mail:\u00a0<a href=\"mailto:imprensa@proativacomunicacao.com.br\" target=\"_blank\" rel=\"noopener\">imprensa@proativacomunicacao.<wbr \/>com.br<\/a><\/p>\n<p dir=\"ltr\">Twitter\/Facebook\/Instagram: @ProativaC<\/p>\n","protected":false},"featured_media":4123,"template":"","categories":[],"tags":[],"class_list":["post-4122","noticia","type-noticia","status-publish","has-post-thumbnail","hentry"],"_links":{"self":[{"href":"https:\/\/www.proativacomunicacao.com.br\/novo\/index.php?rest_route=\/wp\/v2\/noticia\/4122","targetHints":{"allow":["GET"]}}],"collection":[{"href":"https:\/\/www.proativacomunicacao.com.br\/novo\/index.php?rest_route=\/wp\/v2\/noticia"}],"about":[{"href":"https:\/\/www.proativacomunicacao.com.br\/novo\/index.php?rest_route=\/wp\/v2\/types\/noticia"}],"wp:featuredmedia":[{"embeddable":true,"href":"https:\/\/www.proativacomunicacao.com.br\/novo\/index.php?rest_route=\/wp\/v2\/media\/4123"}],"wp:attachment":[{"href":"https:\/\/www.proativacomunicacao.com.br\/novo\/index.php?rest_route=%2Fwp%2Fv2%2Fmedia&parent=4122"}],"wp:term":[{"taxonomy":"category","embeddable":true,"href":"https:\/\/www.proativacomunicacao.com.br\/novo\/index.php?rest_route=%2Fwp%2Fv2%2Fcategories&post=4122"},{"taxonomy":"post_tag","embeddable":true,"href":"https:\/\/www.proativacomunicacao.com.br\/novo\/index.php?rest_route=%2Fwp%2Fv2%2Ftags&post=4122"}],"curies":[{"name":"wp","href":"https:\/\/api.w.org\/{rel}","templated":true}]}}