{"id":4254,"date":"2025-09-03T17:48:46","date_gmt":"2025-09-03T17:48:46","guid":{"rendered":"https:\/\/www.proativacomunicacao.com.br\/novo\/?post_type=noticia&#038;p=4254"},"modified":"2025-09-03T17:48:46","modified_gmt":"2025-09-03T17:48:46","slug":"da-vulnerabilidade-a-oportunidade-o-impacto-do-investimento-social-em-jovens-egressos","status":"publish","type":"noticia","link":"https:\/\/www.proativacomunicacao.com.br\/novo\/?noticia=da-vulnerabilidade-a-oportunidade-o-impacto-do-investimento-social-em-jovens-egressos","title":{"rendered":"Da vulnerabilidade \u00e0 oportunidade: o impacto do investimento social em jovens egressos"},"content":{"rendered":"<p dir=\"ltr\" style=\"text-align: center;\"><em><strong>Projeto \u201cJovem em Movimento\u201d aposta no trabalho em rede para transformar a transi\u00e7\u00e3o de adolescentes acolhidos em um caminho de autonomia e inclus\u00e3o<\/strong><\/em><\/p>\n<p dir=\"ltr\" style=\"text-align: left;\">Deixar o acolhimento institucional e enfrentar, de forma abrupta, a vida adulta \u00e9 um desafio que milhares de jovens vivenciam no Brasil todos os anos. Sem v\u00ednculos familiares, com baixa escolaridade e poucas oportunidades de emprego ou moradia, muitos acabam em situa\u00e7\u00e3o de rua, adoecimento ps\u00edquico ou submetidos a trabalhos informais e inst\u00e1veis. Nesse cen\u00e1rio, pensar pol\u00edticas e projetos que acompanhem este p\u00fablico \u00e9 mais do que necess\u00e1rio: \u00e9 um investimento social capaz de transformar vidas e reduzir desigualdades.<\/p>\n<p dir=\"ltr\">O projeto Jovem em Movimento nasceu com esse prop\u00f3sito. A iniciativa articula sa\u00fade, educa\u00e7\u00e3o, justi\u00e7a, assist\u00eancia social, moradia e trabalho em uma rede integrada de apoio, oferecendo oficinas, mentorias e at\u00e9 mesmo um aplicativo educacional de microlearning. Mais do que garantir suporte t\u00e9cnico, o projeto valoriza a escuta ativa dos adolescentes, que participam da constru\u00e7\u00e3o de solu\u00e7\u00f5es para suas pr\u00f3prias demandas e sonhos, fortalecendo a autoestima, a autonomia e os v\u00ednculos duradouros.<\/p>\n<p dir=\"ltr\">Os resultados esperados v\u00e3o al\u00e9m da vida individual de cada jovem: a inclus\u00e3o escolar, a perman\u00eancia no mercado formal e a redu\u00e7\u00e3o da inseguran\u00e7a habitacional repercutem em toda a sociedade. Ao oferecer suporte real nesse momento cr\u00edtico, o Jovem em Movimento n\u00e3o apenas abre caminhos de dignidade, mas prop\u00f5e um modelo replic\u00e1vel para pol\u00edticas p\u00fablicas em outros territ\u00f3rios.<\/p>\n<p dir=\"ltr\">\u201cInvestir social e economicamente nesses adolescentes promove transforma\u00e7\u00f5es profundas. \u00c9 uma repara\u00e7\u00e3o que corrige aus\u00eancias hist\u00f3ricas e possibilita inclus\u00e3o social. Nosso sonho \u00e9 conectar afetos e tecer futuros, priorizando adolescentes e jovens do acolhimento\u201d, afirma Luciana, sub-coordenadora do projeto.<\/p>\n<p dir=\"ltr\">\n<p dir=\"ltr\">Sobre o Grupo Aconchego \u2013\u00a0O Aconchego \u00e9 uma entidade civil, sem fins lucrativos, fundada em dezembro de 1997, que trabalha em prol da conviv\u00eancia familiar e comunit\u00e1ria de crian\u00e7as e adolescentes em acolhimento familiar e institucional.<\/p>\n<p dir=\"ltr\">Filiado \u00e0 Associa\u00e7\u00e3o Nacional dos Grupos de Apoio \u00e0 Ado\u00e7\u00e3o \u2013 ANGAAD, e membro do Movimento Nacional Pr\u00f3 Conviv\u00eancia Familiar e Comunit\u00e1ria \u2013 MNPCFC, o Aconchego \u00e9 reconhecido como refer\u00eancia em Bras\u00edlia e conta com grande proje\u00e7\u00e3o nacional na cria\u00e7\u00e3o de tecnologias sociais com vistas \u00e0 garantia do direito das crian\u00e7as e adolescentes \u00e0 conviv\u00eancia familiar e comunit\u00e1ria, por meio de a\u00e7\u00f5es de interven\u00e7\u00e3o com potencial para a transforma\u00e7\u00e3o social e cultural.<\/p>\n<p dir=\"ltr\">\nASSESSORIA DE COMUNICA\u00c7\u00c3O \u2013 GRUPO ACONCHEGO<br \/>\nProativa Comunica\u00e7\u00e3o<br \/>\nContatos: Alana Felix: (61- 98141-1473) Aline Ramos (61-99846-4120)<br \/>\nFl\u00e1vio Resende (61-99216-9188)<br \/>\nE-mail:\u00a0<a href=\"http:\/\/atendimento@proativacomunicacao.com.br\/\" target=\"_blank\" rel=\"noopener\" data-saferedirecturl=\"https:\/\/www.google.com\/url?q=http:\/\/atendimento@proativacomunicacao.com.br\/&amp;source=gmail&amp;ust=1757007957260000&amp;usg=AOvVaw3FTkhXVw8usS0ciftlmmcm\">atendimento@<wbr \/>proativacomunicacao.com.br\/<\/a>\u00a0<a href=\"mailto:executivoatendimento@proativacomunicacao.com.br\" target=\"_blank\" rel=\"noopener\">ex<wbr \/>ecutivoatendimento@<wbr \/>proativacomunicacao.com.br<\/a><br \/>\nFacebook\/Instagram@ProativaC<\/p>\n","protected":false},"featured_media":4255,"template":"","categories":[],"tags":[],"class_list":["post-4254","noticia","type-noticia","status-publish","has-post-thumbnail","hentry"],"_links":{"self":[{"href":"https:\/\/www.proativacomunicacao.com.br\/novo\/index.php?rest_route=\/wp\/v2\/noticia\/4254","targetHints":{"allow":["GET"]}}],"collection":[{"href":"https:\/\/www.proativacomunicacao.com.br\/novo\/index.php?rest_route=\/wp\/v2\/noticia"}],"about":[{"href":"https:\/\/www.proativacomunicacao.com.br\/novo\/index.php?rest_route=\/wp\/v2\/types\/noticia"}],"wp:featuredmedia":[{"embeddable":true,"href":"https:\/\/www.proativacomunicacao.com.br\/novo\/index.php?rest_route=\/wp\/v2\/media\/4255"}],"wp:attachment":[{"href":"https:\/\/www.proativacomunicacao.com.br\/novo\/index.php?rest_route=%2Fwp%2Fv2%2Fmedia&parent=4254"}],"wp:term":[{"taxonomy":"category","embeddable":true,"href":"https:\/\/www.proativacomunicacao.com.br\/novo\/index.php?rest_route=%2Fwp%2Fv2%2Fcategories&post=4254"},{"taxonomy":"post_tag","embeddable":true,"href":"https:\/\/www.proativacomunicacao.com.br\/novo\/index.php?rest_route=%2Fwp%2Fv2%2Ftags&post=4254"}],"curies":[{"name":"wp","href":"https:\/\/api.w.org\/{rel}","templated":true}]}}