{"id":4355,"date":"2025-11-04T20:05:02","date_gmt":"2025-11-04T20:05:02","guid":{"rendered":"https:\/\/www.proativacomunicacao.com.br\/novo\/?post_type=noticia&#038;p=4355"},"modified":"2025-11-04T20:05:02","modified_gmt":"2025-11-04T20:05:02","slug":"voluntariado-e-tema-de-palestra-inspiradora-no-tedx-brasilia","status":"publish","type":"noticia","link":"https:\/\/www.proativacomunicacao.com.br\/novo\/?noticia=voluntariado-e-tema-de-palestra-inspiradora-no-tedx-brasilia","title":{"rendered":"Voluntariado \u00e9 tema de palestra inspiradora no TEDx Bras\u00edlia"},"content":{"rendered":"<p><em>Previsto para o dia 27 de novembro, no Teatro dos Banc\u00e1rios, evento espera reunir um p\u00fablico de 400 pessoas para falar sobre temas variados, de forma instigante e inspiradora<\/em><\/p>\n<p dir=\"ltr\">O jornalista e empres\u00e1rio Fl\u00e1vio Resende \u00e9 um dos nomes confirmados como palestrantes no TEDx Bras\u00edlia, um dos maiores eventos virais do mundo \u2013 que inspira o p\u00fablico por meio de palestras curtas e potentes. O evento est\u00e1 previsto para o pr\u00f3ximo dia 27 de novembro, \u00e0s 19h30, no Teatro dos Banc\u00e1rios.<\/p>\n<p dir=\"ltr\">Com o tema \u201cO sentido por tr\u00e1s do voluntariado\u201d, Fl\u00e1vio pretende trazer sua experi\u00eancia com projetos e a\u00e7\u00f5es de impacto social, nos \u00faltimos dez anos, provocando o p\u00fablico para uma amplia\u00e7\u00e3o da consci\u00eancia.<\/p>\n<p dir=\"ltr\">\u201cParticipar de um evento como o TEDx \u00e9 um presente, principalmente quando a proposta \u00e9 levar uma mensagem de esperan\u00e7a para o p\u00fablico, num mundo que anda t\u00e3o carente de not\u00edcias e caminhos positivos poss\u00edveis\u201d, afirma o jornalista.<\/p>\n<p dir=\"ltr\">Al\u00e9m de ancorar um podcast e diversas colunas em ve\u00edculos impressos sobre impacto e voluntariado, Fl\u00e1vio Resende acumula uma vasta experi\u00eancia com projetos sociais. Foi por tr\u00eas anos volunt\u00e1rio do CVV (Centro de Valoriza\u00e7\u00e3o \u00e0 Vida); integrou diversos grupos na Comunh\u00e3o Esp\u00edrita de Bras\u00edlia com a\u00e7\u00f5es voltadas pra crian\u00e7as, idosos, pessoas em situa\u00e7\u00e3o de vulnerabilidade social e fam\u00edlias carentes; participou de miss\u00e3o humanit\u00e1ria para a \u00c1frica; criou um bra\u00e7o social em sua ag\u00eancia \u2013 o Proativos do Bem -, ofertando servi\u00e7os de comunica\u00e7\u00e3o gratuitamente \u00e0 organiza\u00e7\u00f5es que n\u00e3o podem pagar por isso; e hoje integra um coletivo de pessoas que comp\u00f5e o Instituto Regenera Hub, com projetos voltados para a regenera\u00e7\u00e3o do ser, das rela\u00e7\u00f5es e dos biomas.<\/p>\n<p dir=\"ltr\">\u00a0A import\u00e2ncia do TEDx<\/p>\n<p dir=\"ltr\">Ser\u00e1 uma sess\u00e3o \u00fanica com grava\u00e7\u00e3o ao vivo das apresenta\u00e7\u00f5es, no formato consagrado das TED Talks: palestras curtas, diretas e memor\u00e1veis que, depois, s\u00e3o compartilhadas nos canais oficiais do programa. A curadoria e a organiza\u00e7\u00e3o s\u00e3o do jornalista Rafael Souza, sob licen\u00e7a oficial do TED.<\/p>\n<p dir=\"ltr\">O TEDxBras\u00edlia tem como tema \u201cBras\u00edlia \u2013 a reinven\u00e7\u00e3o do Brasil\u201d e parte do entendimento de que a funda\u00e7\u00e3o de nossa capital representou uma virada de chave na constru\u00e7\u00e3o da identidade brasileira. Projetada para ser s\u00edmbolo de futuro, Bras\u00edlia tornou-se ponto de converg\u00eancia de culturas, sotaques, saberes e modos de vida de todas as regi\u00f5es do pa\u00eds \u2014 e tamb\u00e9m de diversos lugares do mundo. Dessa mistura nasceu a cultura candanga: uma identidade \u00fanica, formada por pessoas que vieram de todos os cantos para construir n\u00e3o apenas uma cidade, mas um novo modo de pensar o Brasil. O evento ir\u00e1 destacar essa diversidade criativa por meio de palestras com artistas, cientistas, inovadores, empreendedores e pensadores que s\u00e3o s\u00edmbolos dessa identidade e da pot\u00eancia contempor\u00e2nea do pa\u00eds.<\/p>\n<p dir=\"ltr\">SERVI\u00c7O:<\/p>\n<div dir=\"ltr\" align=\"left\">\n<table>\n<colgroup>\n<col width=\"602\" \/><\/colgroup>\n<tbody>\n<tr>\n<td>\n<p dir=\"ltr\">O que: TEDxBras\u00edlia<\/p>\n<p dir=\"ltr\">Onde: Teatro dos Banc\u00e1rios (Entrequadra 514\/515 Sul)<\/p>\n<p dir=\"ltr\">Quando: 27 de novembro, \u00e0s 19h30<\/p>\n<p dir=\"ltr\">Sobre: \u201cBras\u00edlia \u2013 a reinven\u00e7\u00e3o do Brasil\u201d<\/p>\n<p dir=\"ltr\">Classifica\u00e7\u00e3o: 14 anos<br \/>\nMais informa\u00e7\u00f5es:\u00a0<a href=\"http:\/\/www.tedxbrasilia.com.br\/\" target=\"_blank\" rel=\"noopener\" data-saferedirecturl=\"https:\/\/www.google.com\/url?q=http:\/\/www.tedxbrasilia.com.br&amp;source=gmail&amp;ust=1762361022358000&amp;usg=AOvVaw3AxXbKfFqVGoEnoHqhl9tS\">www.tedxbrasilia.com.br<\/a><\/p>\n<p dir=\"ltr\">Inscri\u00e7\u00f5es:\u00a0<a href=\"https:\/\/www.sympla.com.br\/evento\/tedxbrasilia-2025\/3184175\" target=\"_blank\" rel=\"noopener\" data-saferedirecturl=\"https:\/\/www.google.com\/url?q=https:\/\/www.sympla.com.br\/evento\/tedxbrasilia-2025\/3184175&amp;source=gmail&amp;ust=1762361022358000&amp;usg=AOvVaw2qLi7uteCJXt17coGGnQEu\">https:\/\/www.sympla.com.br\/<wbr \/>evento\/tedxbrasilia-2025\/<wbr \/>3184175<\/a><\/p>\n<\/td>\n<\/tr>\n<\/tbody>\n<\/table>\n<\/div>\n<p dir=\"ltr\">Sobre o TED e o TEDx &#8211;\u00a0O TED \u00e9 uma organiza\u00e7\u00e3o sem fins lucrativos dedicada a espalhar ideias que merecem ser espalhadas. O TEDx \u00e9 o programa de eventos independentes, organizados localmente sob licen\u00e7a do TED, que compartilham a mesma miss\u00e3o com curadoria pr\u00f3pria e foco em ideias. O TEDxBras\u00edlia \u00e9 organizado de forma independente, seguindo as diretrizes oficiais do programa.<\/p>\n<p dir=\"ltr\">ASSESSORIA DE IMPRENSA \u2013\u00a0 TEDx BRAS\u00cdLIA<\/p>\n<p dir=\"ltr\">Proativa Comunica\u00e7\u00e3o<\/p>\n<p dir=\"ltr\">Aline Ramos (61-99846-4120) \/ Fl\u00e1vio Resende (61) 99216-9188<\/p>\n<p dir=\"ltr\">E-mail:\u00a0<a href=\"mailto:proativa@proativacomunicacao.com.br\" target=\"_blank\" rel=\"noopener\">proativa@proativacomunicacao.<wbr \/>com.br<\/a>\u00a0\/ atendimento@@<a href=\"http:\/\/proativacomunicacao.com.br\/\" target=\"_blank\" rel=\"noopener\" data-saferedirecturl=\"https:\/\/www.google.com\/url?q=http:\/\/proativacomunicacao.com.br\/&amp;source=gmail&amp;ust=1762361022358000&amp;usg=AOvVaw33Cpgup_Dfv5SRuQ65bw7s\">proativacomunicac<wbr \/>ao.com.br<\/a><\/p>\n<p dir=\"ltr\">Instagram: @ProativaC<\/p>\n<p dir=\"ltr\">Mais informa\u00e7\u00f5es para a Imprensa: 61 99216-9188 ou\u00a0<a href=\"mailto:proativa@proativacomunicacao.com.br\" target=\"_blank\" rel=\"noopener\">proativa@proativacomunicacao.<wbr \/>com.br<\/a><\/p>\n","protected":false},"featured_media":4356,"template":"","categories":[],"tags":[],"class_list":["post-4355","noticia","type-noticia","status-publish","has-post-thumbnail","hentry"],"_links":{"self":[{"href":"https:\/\/www.proativacomunicacao.com.br\/novo\/index.php?rest_route=\/wp\/v2\/noticia\/4355","targetHints":{"allow":["GET"]}}],"collection":[{"href":"https:\/\/www.proativacomunicacao.com.br\/novo\/index.php?rest_route=\/wp\/v2\/noticia"}],"about":[{"href":"https:\/\/www.proativacomunicacao.com.br\/novo\/index.php?rest_route=\/wp\/v2\/types\/noticia"}],"wp:featuredmedia":[{"embeddable":true,"href":"https:\/\/www.proativacomunicacao.com.br\/novo\/index.php?rest_route=\/wp\/v2\/media\/4356"}],"wp:attachment":[{"href":"https:\/\/www.proativacomunicacao.com.br\/novo\/index.php?rest_route=%2Fwp%2Fv2%2Fmedia&parent=4355"}],"wp:term":[{"taxonomy":"category","embeddable":true,"href":"https:\/\/www.proativacomunicacao.com.br\/novo\/index.php?rest_route=%2Fwp%2Fv2%2Fcategories&post=4355"},{"taxonomy":"post_tag","embeddable":true,"href":"https:\/\/www.proativacomunicacao.com.br\/novo\/index.php?rest_route=%2Fwp%2Fv2%2Ftags&post=4355"}],"curies":[{"name":"wp","href":"https:\/\/api.w.org\/{rel}","templated":true}]}}