{"id":4377,"date":"2025-11-17T18:11:24","date_gmt":"2025-11-17T18:11:24","guid":{"rendered":"https:\/\/www.proativacomunicacao.com.br\/novo\/?post_type=noticia&#038;p=4377"},"modified":"2025-11-17T19:24:20","modified_gmt":"2025-11-17T19:24:20","slug":"oba-hortifruti-lanca-campanha-de-selos-com-produtos-guzzini-e-transforma-o-dia-a-dia-na-cozinha-com-estilo","status":"publish","type":"noticia","link":"https:\/\/www.proativacomunicacao.com.br\/novo\/?noticia=oba-hortifruti-lanca-campanha-de-selos-com-produtos-guzzini-e-transforma-o-dia-a-dia-na-cozinha-com-estilo","title":{"rendered":"Oba Hortifruti lan\u00e7a Campanha de Selos com produtos Guzzini e transforma o dia a dia na cozinha com estilo"},"content":{"rendered":"<p><em>Rede apresenta nova cole\u00e7\u00e3o de utens\u00edlios que unem\u00a0design italiano, beleza e praticidade<\/em><\/p>\n<p dir=\"ltr\">Levar estilo, sofistica\u00e7\u00e3o e praticidade para a rotina da cozinha agora \u00e9 poss\u00edvel. O Oba Hortifruti lan\u00e7a a sexta edi\u00e7\u00e3o da Campanha Selos de Desconto com a cole\u00e7\u00e3o \u201cSabor com Estilo\u201d, uma sele\u00e7\u00e3o exclusiva de itens Guzzini que combina design premiado, funcionalidade e sustentabilidade, transformando o ato de preparar, servir e receber em momentos de prazer e eleg\u00e2ncia. A campanha traz produtos importados que poder\u00e3o ser adquiridos durante o per\u00edodo da a\u00e7\u00e3o com vantagens especiais.<\/p>\n<p dir=\"ltr\">Fundada por Enrico Guzzini, a marca familiar italiana acumula mais de 110 anos de tradi\u00e7\u00e3o, pioneira no uso de mat\u00e9rias-primas de alta qualidade e no design de produtos para casa. Reconhecida mundialmente, a Guzzini combina funcionalidade, est\u00e9tica e sustentabilidade, oferecendo produtos que unem tradi\u00e7\u00e3o artesanal e inova\u00e7\u00e3o tecnol\u00f3gica. Para Massimiliano Guzzini, presidente e membro do conselho de diretores da Guzzini, a marca mant\u00e9m o compromisso com a responsabilidade social e ambiental, colocando o bem-estar das pessoas e do planeta como prioridade.<\/p>\n<p dir=\"ltr\">\u201cAs marcas Oba Hortifruti e Guzzini compartilham os mesmos princ\u00edpios que tornam a culin\u00e1ria italiana admirada, frescor e qualidade acima de tudo, respeito aos ingredientes e a cren\u00e7a de que comer bem \u00e9 cuidar de si e dos outros. Assim como essa tradi\u00e7\u00e3o, o Oba entende que os melhores momentos \u00e0 mesa come\u00e7am na escolha de bons alimentos\u201d, destaca Jana\u00edna Borges, diretora de Marketing do Oba Hortifruti.<\/p>\n<p dir=\"ltr\">A cole\u00e7\u00e3o \u201cSabor com Estilo\u201d re\u00fane 8 itens, entre recipientes herm\u00e9ticos, refrat\u00e1rios de cer\u00e2mica e bowls \u201cLe Murrine\u201d, todos com design exclusivo e funcionalidade superior. A apresentadora, influenciadora e modelo Mariana Weickert \u00e9 a embaixadora desta edi\u00e7\u00e3o, refor\u00e7ando o conceito de estilo e sofistica\u00e7\u00e3o da cole\u00e7\u00e3o.<\/p>\n<p dir=\"ltr\">Os recipientes herm\u00e9ticos s\u00e3o produzidos com pl\u00e1stico de base biol\u00f3gica, tornando-os 100% recicl\u00e1veis, exceto as tampas, com certifica\u00e7\u00e3o ISCC. Feitos a partir de res\u00edduos de biomassa vegetal, esses recipientes oferecem uma alternativa renov\u00e1vel e sustent\u00e1vel ao pl\u00e1stico tradicional, mantendo os alimentos frescos por mais tempo, empilh\u00e1veis e ideais para geladeira e freezer. A inovadora v\u00e1lvula de ventila\u00e7\u00e3o de vapor permite o aquecimento no micro-ondas com a tampa, garantindo conveni\u00eancia e reaquecimento sem bagun\u00e7a. Al\u00e9m disso, s\u00e3o f\u00e1ceis de limpar, lav\u00e1veis em m\u00e1quina de lavar lou\u00e7a e livres de BPA. Est\u00e3o dispon\u00edveis em tr\u00eas tamanhos, 450ml, 975ml e 1900ml, e t\u00eam design assinado por Spalvieri &amp; Del Ciotto.<\/p>\n<p dir=\"ltr\">Os refrat\u00e1rios de cer\u00e2mica unem eleg\u00e2ncia, praticidade e tradi\u00e7\u00e3o italiana, oferecendo alta performance para transformar cada refei\u00e7\u00e3o em uma experi\u00eancia \u00fanica. Adequados para fornos tradicionais e micro-ondas, podem ser lavados na m\u00e1quina de lavar lou\u00e7a, utilizados na geladeira e congelador, e suportam temperaturas de -18\u00b0C a 250\u00b0C. Resistentes, dur\u00e1veis e vers\u00e1teis, s\u00e3o ideais para assar, cozinhar e servir alimentos e est\u00e3o dispon\u00edveis em tr\u00eas tamanhos: 26cm, 32cm e 40cm, produzidos exclusivamente para a campanha em Portugal.<\/p>\n<p dir=\"ltr\">Os bowls \u201cLe Murrine\u201d se destacam pelo seu design sofisticado e premiado, reconhecido pelo ADI Compasso d\u2019Oro International Award e pelo DesignPlus Award, ambos refer\u00eancias em inova\u00e7\u00e3o, funcionalidade e sustentabilidade.<\/p>\n<p dir=\"ltr\">Produzidos em SAN, um copol\u00edmero de estireno e acrilonitrila altamente transparente e resistente, os bowls s\u00e3o mais dur\u00e1veis que o cristal e utilizam a tecnologia exclusiva 3 Color Tech, com tr\u00eas cores diferentes. Livres de BPA, podem entrar em contato com alimentos at\u00e9 70\u00b0C e s\u00e3o ideais para entradas, saladas, sobremesas ou como pe\u00e7as de decora\u00e7\u00e3o. Dispon\u00edveis em dois tamanhos, 12cm (dupla) e 25cm, t\u00eam design assinado por Pio &amp; Tito Toso e n\u00e3o devem ser utilizados em forno, fog\u00e3o ou freezer.<\/p>\n<p dir=\"ltr\">A Campanha de Selos de Desconto do Oba acontece de 17 de novembro de 2025 a 22 de abril de 2026, com per\u00edodo exclusivo para troca de produtos remanescentes de 5 a 22 de abril. Por meio do programa Cliente Bem Querer, a cada R$35 em compras, o cliente recebe um selo de desconto. Quanto mais selos acumulados, maior o desconto para adquirir os produtos da cole\u00e7\u00e3o, que s\u00e3o exclusivos e s\u00f3 estar\u00e3o dispon\u00edveis durante a campanha, em lojas f\u00edsicas do Oba em S\u00e3o Paulo, Goi\u00e2nia e Distrito Federal, ou no e-commerce.<\/p>\n<p dir=\"ltr\">\u201cEsta campanha transforma o dia a dia na cozinha, trazendo estilo e funcionalidade a cada momento. Queremos oferecer produtos de qualidade internacional, proporcionando reconhecimento aos nossos clientes. Nosso objetivo \u00e9 tornar cada visita \u00e0s lojas ainda mais especial, fortalecendo o v\u00ednculo e recompensando essa fidelidade com experi\u00eancias e produtos inovadores\u201d, afirma Alex Brito, CEO da rede.<\/p>\n<p dir=\"ltr\">Para participar, os clientes podem se cadastrar no programa Cliente Bem Querer pelo site\u00a0<a href=\"http:\/\/loja.obahortifruti.com.br\/cadastro\" target=\"_blank\" rel=\"noopener\" data-saferedirecturl=\"https:\/\/www.google.com\/url?q=http:\/\/loja.obahortifruti.com.br\/cadastro&amp;source=gmail&amp;ust=1763488177911000&amp;usg=AOvVaw3tnmuhlRvzXjX3A1ECPQxF\">loja.obahortifruti.com.br\/<wbr \/>cadastro<\/a>\u00a0ou pelo aplicativo Oba Hortifruti. Mais informa\u00e7\u00f5es sobre a campanha est\u00e3o dispon\u00edveis em\u00a0<a href=\"http:\/\/obahortifruti.com.br\/saborcomestilo\" target=\"_blank\" rel=\"noopener\" data-saferedirecturl=\"https:\/\/www.google.com\/url?q=http:\/\/obahortifruti.com.br\/saborcomestilo&amp;source=gmail&amp;ust=1763488177911000&amp;usg=AOvVaw0czVvJK6gEfciwPcA0cHq4\">obahortifruti.com.br\/<wbr \/>saborcomestilo<\/a>.<\/p>\n<p dir=\"ltr\">SOBRE O OBA HORTIFRUTI\u00a0&#8211; A rede \u00e9 refer\u00eancia em qualidade e variedade de produtos, e oferece diariamente um atendimento mais pr\u00f3ximo, que prioriza o relacionamento com o cliente, garantindo o equil\u00edbrio perfeito entre sabor e sa\u00fade para a vida das pessoas. Acredita que reunir a fam\u00edlia e os amigos ao redor da mesa \u00e9 um momento gostoso e saud\u00e1vel. Refer\u00eancia em saudabilidade e prazer em comer bem, o Oba \u00e9 fonte para quem deseja manter uma boa alimenta\u00e7\u00e3o.<\/p>\n<p dir=\"ltr\">Em agosto de 2025, o Oba foi eleito pelos paulistanos o melhor hortifr\u00fati pela 5\u00aa vez, segundo a pesquisa DataFolha.<\/p>\n<p>A rede j\u00e1 foi premiada duas vezes pela Folha de S. Paulo, na pesquisa Top Of Mind, como a marca mais lembrada pelos brasileiros na categoria hortifr\u00fati, pela edi\u00e7\u00e3o da revista Veja Comer &amp; Beber, como o estabelecimento mais amado pelos paulistanos e tamb\u00e9m no ranking IBEVAR &#8212; FIA 2020, como uma das empresas mais eficientes do varejo brasileiro.<\/p>\n<p>Atualmente, a marca possui mais de 70 lojas espalhadas pelos Estados de S\u00e3o Paulo, Goi\u00e1s e Distrito Federal.<\/p>\n<p>Com mais de 45 anos de hist\u00f3ria, o Oba expandiu sua atua\u00e7\u00e3o no mercado com setores de frios e latic\u00ednios, a\u00e7ougue, adega, mercearia, importa\u00e7\u00e3o pr\u00f3pria, pr\u00e9-lavados, lanchonete, floricultura, padaria e restaurante, que complementam o setor de hortifr\u00fati.<\/p>\n<p>ASSESSORIA DE IMPRENSA &#8211; OBA HORTIFRUTI<br \/>\nProativa Comunica\u00e7\u00e3o<\/p>\n<p dir=\"ltr\">Contatos:<\/p>\n<p dir=\"ltr\">Aline Ramos (61-99846-4120)<br \/>\nFl\u00e1vio Resende (61-99216-9188)<\/p>\n<p dir=\"ltr\"><a href=\"mailto:proativa@proativacomunicacao.com.br\" target=\"_blank\" rel=\"noopener\">proativa@proativacomunicacao.<wbr \/>com.br<br \/>\n<\/a><a href=\"mailto:atendimento@proativacomunicacao.com.br\" target=\"_blank\" rel=\"noopener\">atendimento@<wbr \/>proativacomunicacao.com.br<\/a><\/p>\n<p dir=\"ltr\">Instagram: @ProativaC<\/p>\n","protected":false},"featured_media":4378,"template":"","categories":[],"tags":[],"class_list":["post-4377","noticia","type-noticia","status-publish","has-post-thumbnail","hentry"],"_links":{"self":[{"href":"https:\/\/www.proativacomunicacao.com.br\/novo\/index.php?rest_route=\/wp\/v2\/noticia\/4377","targetHints":{"allow":["GET"]}}],"collection":[{"href":"https:\/\/www.proativacomunicacao.com.br\/novo\/index.php?rest_route=\/wp\/v2\/noticia"}],"about":[{"href":"https:\/\/www.proativacomunicacao.com.br\/novo\/index.php?rest_route=\/wp\/v2\/types\/noticia"}],"wp:featuredmedia":[{"embeddable":true,"href":"https:\/\/www.proativacomunicacao.com.br\/novo\/index.php?rest_route=\/wp\/v2\/media\/4378"}],"wp:attachment":[{"href":"https:\/\/www.proativacomunicacao.com.br\/novo\/index.php?rest_route=%2Fwp%2Fv2%2Fmedia&parent=4377"}],"wp:term":[{"taxonomy":"category","embeddable":true,"href":"https:\/\/www.proativacomunicacao.com.br\/novo\/index.php?rest_route=%2Fwp%2Fv2%2Fcategories&post=4377"},{"taxonomy":"post_tag","embeddable":true,"href":"https:\/\/www.proativacomunicacao.com.br\/novo\/index.php?rest_route=%2Fwp%2Fv2%2Ftags&post=4377"}],"curies":[{"name":"wp","href":"https:\/\/api.w.org\/{rel}","templated":true}]}}