{"id":4388,"date":"2025-12-02T16:14:40","date_gmt":"2025-12-02T16:14:40","guid":{"rendered":"https:\/\/www.proativacomunicacao.com.br\/novo\/?post_type=noticia&#038;p=4388"},"modified":"2025-12-02T16:16:20","modified_gmt":"2025-12-02T16:16:20","slug":"no-dia-de-doar-fraternidade-sem-fronteiras-lanca-campanha-para-a-manutencao-de-protejo-no-acolhimento-a-pessoas-em-situacao-de-rua","status":"publish","type":"noticia","link":"https:\/\/www.proativacomunicacao.com.br\/novo\/?noticia=no-dia-de-doar-fraternidade-sem-fronteiras-lanca-campanha-para-a-manutencao-de-protejo-no-acolhimento-a-pessoas-em-situacao-de-rua","title":{"rendered":"No Dia de Doar, Fraternidade Sem Fronteiras lan\u00e7a campanha para a manuten\u00e7\u00e3o de protejo no acolhimento a pessoas em situa\u00e7\u00e3o de rua"},"content":{"rendered":"<p style=\"text-align: center;\"><em>As doa\u00e7\u00f5es ser\u00e3o destinadas para a Cl\u00ednica da Alma, parceira do Projeto Fraternidade na Rua polo Campo Grande &#8211; MS<\/em><\/p>\n<p>&nbsp;<\/p>\n<p dir=\"ltr\">A Organiza\u00e7\u00e3o humanit\u00e1ria Fraternidade Sem Fronteiras (FSF) participa, nesta ter\u00e7a-feira, dia 2 de dezembro, do Dia de Doar com o lan\u00e7amento de uma campanha para receber doa\u00e7\u00f5es para a Cl\u00ednica da Alma, parceria do Projeto Fraternidade na Rua polo Campo Grande &#8211; MS. Todo o valor arrecadado ser\u00e1 destinado para a manuten\u00e7\u00e3o do projeto que acolhe e oferece tratamento gratuito para pessoas em situa\u00e7\u00e3o de rua e\/ou com depend\u00eancia qu\u00edmica.<\/p>\n<p dir=\"ltr\">\u00c9 a segunda vez que a FSF participa deste movimento mundial para promover uma mobiliza\u00e7\u00e3o em prol de doa\u00e7\u00f5es por pessoas em situa\u00e7\u00e3o de vulnerabilidade. No Brasil, o Dia de Doar come\u00e7ou em 2013, um ano depois da primeira edi\u00e7\u00e3o, nos Estados Unidos. A partir de 2014 o Brasil passou a fazer parte do movimento global, que hoje conta com mais de 90 pa\u00edses participantes.<\/p>\n<p dir=\"ltr\">&#8220;O Dia de Doar \u00e9 uma oportunidade para todos aqueles que querem, antes de tudo, olhar sem fronteiras e com fraternidade para os seus irm\u00e3os. E aqueles que puderem contribuir, ir\u00e3o ajudar pessoas em situa\u00e7\u00e3o de rua que chegam sem v\u00ednculos, sem for\u00e7as, sem esperan\u00e7a e encontram acolhimento, cuidado e a chance de recome\u00e7ar. Quanto mais doa\u00e7\u00f5es conseguirmos, mais vidas ser\u00e3o transformadas, e mais n\u00f3s estaremos fazendo juntos, por um mundo melhor!&#8221;, explica o fundador-presidente da FSF, Wagner Moura Gomes.<\/p>\n<p>As doa\u00e7\u00f5es podem ser feitas pelo site da FSF ou pela chave pix:\u00a0<a href=\"mailto:alma@fraternidadesemfronteiras.org.br\" target=\"_blank\" rel=\"noopener\">alma@<wbr \/>fraternidadesemfronteiras.org.<wbr \/>br<\/a>.<\/p>\n<p>A meta da campanha \u00e9 alcan\u00e7ar R$150 mil que ser\u00e3o utilizados para custear as despesas da Cl\u00ednica da Alma com a oferta de cinco refei\u00e7\u00f5es di\u00e1rias e a manuten\u00e7\u00e3o da infraestrutura do local para mais de 200 acolhidos.<\/p>\n<p>Pizza Beneficente<\/p>\n<p dir=\"ltr\">O Dia de Doar \u00e9 o primeiro momento da campanha que se estender\u00e1 at\u00e9 o dia 21 de dezembro com a A\u00e7\u00e3o Beneficente de Pizzas nos sabores calabresa ou marguerita , a partir de\u00a0 R$ 50 a unidade.\u00a0 As pizzas poder\u00e3o ser retiradas das 9h \u00e0s 14h, na Igreja Tabern\u00e1culo da Gl\u00f3ria, localizada na Rua Brilhante, 2190, em Campo Grande &#8211; MS. Informa\u00e7\u00f5es e pedidos podem ser feitos pelo WhatsApp: (67) 98475-5638. A meta \u00e9 vender pelo menos mil unidades de pizza.<\/p>\n<p dir=\"ltr\">Fraternidade na Rua &#8211; Campo Grande\/MS &#8211;\u00a0em parceria com a\u00a0Cl\u00ednica da Alma, o projeto atende em m\u00e9dia 230 pessoas entre homens e mulheres, sendo que algumas est\u00e3o com os filhos no local. Os atendimentos s\u00e3o separados entre homens e mulheres e totalmente gratuito por um ano. A decis\u00e3o de ir \u00e0 Cl\u00ednica da Alma \u00e9 volunt\u00e1ria. S\u00e3o oferecidas cinco refei\u00e7\u00f5es, alojamento, roupas, assist\u00eancia m\u00e9dica, odontol\u00f3gica, oficinas de trabalho, amparo espiritual, emocional e f\u00edsico. Em 19 anos de exist\u00eancia, a Cl\u00ednica da Alma j\u00e1 acolheu mais de 10 mil pessoas em situa\u00e7\u00e3o de rua. Um trabalho extraordin\u00e1rio que neste momento est\u00e1 com um grande d\u00e9ficit financeiro, precisando de ajuda para continuar a receber novos acolhidos e contribuir na restaura\u00e7\u00e3o da dignidade de muitas vidas.<\/p>\n<p dir=\"ltr\">Sobre a Fraternidade sem Fronteiras \u2013\u00a0A FSF \u00e9 uma Organiza\u00e7\u00e3o humanit\u00e1ria e N\u00e3o-Governamental, com sede em Campo Grande (MS) e atua\u00e7\u00e3o brasileira e internacional, com atua\u00e7\u00e3o em oito pa\u00edses, em alguns dos lugares mais pobres do planeta, com esperan\u00e7a e profundo desejo de ajudar, acabar com a fome e construir um mundo de paz. A institui\u00e7\u00e3o possui 79 polos de trabalho, mant\u00e9m centros de acolhimento, oferece alimenta\u00e7\u00e3o, sa\u00fade, forma\u00e7\u00e3o profissionalizante, educa\u00e7\u00e3o, cultivo sustent\u00e1vel, constru\u00e7\u00e3o de casas e ainda, abra\u00e7a projetos de crian\u00e7as com microcefalia e doen\u00e7a rara. Todos os trabalhos s\u00e3o mantidos por meio de doa\u00e7\u00f5es e principalmente pelo apadrinhamento com valor mensal a partir de R$25. Mais informa\u00e7\u00f5es podem ser obtidas pelo site\u00a0<a href=\"http:\/\/www.fraternidadesemfronteiras.org.br\/\" target=\"_blank\" rel=\"noopener\" data-saferedirecturl=\"https:\/\/www.google.com\/url?q=http:\/\/www.fraternidadesemfronteiras.org.br&amp;source=gmail&amp;ust=1764774827035000&amp;usg=AOvVaw1F73lHaG9USP4mWc9R2h-e\">http:\/\/www.<wbr \/>fraternidadesemfronteiras.org.<wbr \/>br<\/a><\/p>\n<p dir=\"ltr\">ASSESSORIA DE IMPRENSA \u2013 FRATERNIDADE SEM FRONTEIRAS (DF)<br \/>\nProativa Comunica\u00e7\u00e3o<br \/>\nContatos: Fl\u00e1vio Resende (61) 99216-9188<br \/>\nTel: (61) 3246-4436<br \/>\nE-mail:\u00a0<a href=\"mailto:proativa@proativacomunicacao.com.br\" target=\"_blank\" rel=\"noopener\">proativa@<wbr \/>proativacomunicacao.com.br<\/a><br \/>\nFacebook\/ Instagram\/Twitter: @ProativaC<\/p>\n<p>Foto: Divulga\u00e7\u00e3o<\/p>\n","protected":false},"featured_media":4389,"template":"","categories":[],"tags":[],"class_list":["post-4388","noticia","type-noticia","status-publish","has-post-thumbnail","hentry"],"_links":{"self":[{"href":"https:\/\/www.proativacomunicacao.com.br\/novo\/index.php?rest_route=\/wp\/v2\/noticia\/4388","targetHints":{"allow":["GET"]}}],"collection":[{"href":"https:\/\/www.proativacomunicacao.com.br\/novo\/index.php?rest_route=\/wp\/v2\/noticia"}],"about":[{"href":"https:\/\/www.proativacomunicacao.com.br\/novo\/index.php?rest_route=\/wp\/v2\/types\/noticia"}],"wp:featuredmedia":[{"embeddable":true,"href":"https:\/\/www.proativacomunicacao.com.br\/novo\/index.php?rest_route=\/wp\/v2\/media\/4389"}],"wp:attachment":[{"href":"https:\/\/www.proativacomunicacao.com.br\/novo\/index.php?rest_route=%2Fwp%2Fv2%2Fmedia&parent=4388"}],"wp:term":[{"taxonomy":"category","embeddable":true,"href":"https:\/\/www.proativacomunicacao.com.br\/novo\/index.php?rest_route=%2Fwp%2Fv2%2Fcategories&post=4388"},{"taxonomy":"post_tag","embeddable":true,"href":"https:\/\/www.proativacomunicacao.com.br\/novo\/index.php?rest_route=%2Fwp%2Fv2%2Ftags&post=4388"}],"curies":[{"name":"wp","href":"https:\/\/api.w.org\/{rel}","templated":true}]}}