{"id":4395,"date":"2025-12-15T18:46:16","date_gmt":"2025-12-15T18:46:16","guid":{"rendered":"https:\/\/www.proativacomunicacao.com.br\/novo\/?post_type=noticia&#038;p=4395"},"modified":"2025-12-15T18:46:16","modified_gmt":"2025-12-15T18:46:16","slug":"setor-do-aco-fecha-2025-com-queda-no-faturamento-mas-siderurgia-cresce","status":"publish","type":"noticia","link":"https:\/\/www.proativacomunicacao.com.br\/novo\/?noticia=setor-do-aco-fecha-2025-com-queda-no-faturamento-mas-siderurgia-cresce","title":{"rendered":"Setor do a\u00e7o fecha 2025 com queda no faturamento, mas siderurgia cresce"},"content":{"rendered":"<p dir=\"ltr\"><em>Mesmo em um ano marcado por taxa\u00e7\u00f5es e instabilidade econ\u00f4mica, ind\u00fastria sider\u00fargica registra alta e empresa brasiliense destaca a\u00e7\u00f5es, projetos e resultados que fortaleceram sua opera\u00e7\u00e3o<\/em><\/p>\n<div><img fetchpriority=\"high\" decoding=\"async\" class=\"CToWUd a6T aligncenter\" tabindex=\"0\" src=\"https:\/\/mail.google.com\/mail\/u\/0?ui=2&amp;ik=1e2634b29b&amp;attid=0.2&amp;permmsgid=msg-a:r-7534751976742730918\/470&amp;th=19b22f20133f8117&amp;view=fimg&amp;fur=ip&amp;permmsgid=msg-a:r-7534751976742730918\/470&amp;sz=s0-l75-ft&amp;attbid=ANGjdJ_xBqsBU8OPwoRbf1mtSRCsRa4laEKdxvUcO02kxYMzvF2QbYVsxDBGvz5iOGZiLUay6a1HbyP_jnt5dPNKEyRSM_fQtOtJjKlHg9NgUyJpbXb6hW3MFUe4w7A&amp;disp=emb&amp;realattid=ii_mj7dsdaz1&amp;zw\" alt=\"freepik.png\" width=\"472\" height=\"233\" data-image-whitelisted=\"\" data-bit=\"iit\" \/><\/div>\n<div style=\"text-align: center;\">cr\u00e9ditos: Freepik<\/div>\n<p dir=\"ltr\"><strong>Bras\u00edlia, 15 de dezembro de 2025 &#8211;\u00a0<\/strong>O ano de 2025 foi de contrastes para o setor do a\u00e7o no Brasil. Enquanto o faturamento da ind\u00fastria encolheu diante das novas taxa\u00e7\u00f5es sobre importa\u00e7\u00f5es e das incertezas econ\u00f4micas, a produ\u00e7\u00e3o sider\u00fargica registrou crescimento e mostrou resili\u00eancia. Para empresas do setor, como a Pinheiro Ferragens, o per\u00edodo tamb\u00e9m foi marcado por ajustes, fortalecimento interno e investimentos em expans\u00e3o comercial.<\/p>\n<p dir=\"ltr\">A CEO da empresa, Janine Brito, avalia que o ano foi desafiador, mas produtivo.\u201cVivemos um 2025 que testou a capacidade de adapta\u00e7\u00e3o das empresas do setor. Mesmo com a queda no faturamento da ind\u00fastria do a\u00e7o e o impacto das taxa\u00e7\u00f5es, conseguimos crescer internamente com organiza\u00e7\u00e3o, refor\u00e7o de processos e relacionamento com clientes. Foi um ano em que a gest\u00e3o fez a diferen\u00e7a\u201d, resume.<\/p>\n<div><img decoding=\"async\" class=\"CToWUd a6T aligncenter\" tabindex=\"0\" src=\"https:\/\/mail.google.com\/mail\/u\/0?ui=2&amp;ik=1e2634b29b&amp;attid=0.3&amp;permmsgid=msg-a:r-7534751976742730918\/470&amp;th=19b22f20133f8117&amp;view=fimg&amp;fur=ip&amp;permmsgid=msg-a:r-7534751976742730918\/470&amp;sz=s0-l75-ft&amp;attbid=ANGjdJ8iYVByvJfT7AJqHte-L6zZ39y7BnScTdjYfgD__1out-67SBk413outimUbchCx14jL5WcAg3wdoN8tUEs2mtJ2OXMejc9NAnKjtpcMSKKsSyQ-RWC-NSHVLs&amp;disp=emb&amp;realattid=ii_mj7dteoy2&amp;zw\" alt=\"foto janine 1.png\" width=\"314\" height=\"472\" data-image-whitelisted=\"\" data-bit=\"iit\" \/><\/div>\n<div style=\"text-align: center;\">Cr\u00e9ditos: divulga\u00e7\u00e3o<\/div>\n<p dir=\"ltr\">De acordo com\u00a0o Instituto A\u00e7o Brasil (IABr), o faturamento da ind\u00fastria do a\u00e7o deve encerrar o ano com queda, a ind\u00fastria sider\u00fargica brasileira registrou um faturamento de cerca de R$ 123,1 bilh\u00f5es entre janeiro e setembro deste ano. O resultado representou uma queda de 2,1% em rela\u00e7\u00e3o ao mesmo per\u00edodo do ano passado, em fun\u00e7\u00e3o da redu\u00e7\u00e3o de demanda e do impacto direto da implementa\u00e7\u00e3o de tarifas para conter a concorr\u00eancia de produtos importados mais baratos. Apesar do cen\u00e1rio adverso, a produ\u00e7\u00e3o do setor n\u00e3o seguiu a mesma rota.<\/p>\n<p dir=\"ltr\">A siderurgia brasileira cresceu no terceiro trimestre de 2025, apoiada na recupera\u00e7\u00e3o da constru\u00e7\u00e3o civil, na demanda por a\u00e7os planos e na reorganiza\u00e7\u00e3o produtiva das grandes usinas. O valor faturado no mercado interno chegou a R$ 93,7 bilh\u00f5es, alta de 2,2%, enquanto no externo atingiu R$ 28 bilh\u00f5es, decr\u00e9scimo de 14,7%. J\u00e1 o montante alcan\u00e7ado com outros tipos de receitas foi de R$ 1,4 bilh\u00e3o, avan\u00e7o de 19,9%. A combina\u00e7\u00e3o de aumento na produ\u00e7\u00e3o e controle dos estoques conseguiu amortecer parte dos efeitos da retra\u00e7\u00e3o na receita do setor.<\/p>\n<p dir=\"ltr\">Janine destaca que o crescimento da siderurgia nacional \u00e9 um indicativo relevante para 2026. \u201cA alta na produ\u00e7\u00e3o sider\u00fargica nos mostra que o setor est\u00e1 se movendo, se ajustando e encontrando espa\u00e7o. Isso nos d\u00e1 boas perspectivas para o pr\u00f3ximo ano. Na Pinheiro, seguimos trabalhando para ampliar nosso alcance, fortalecer servi\u00e7os e entregar solu\u00e7\u00f5es que acompanhem esse movimento.\u201d<\/p>\n<p dir=\"ltr\">Mesmo com um ano marcado por oscila\u00e7\u00e3o econ\u00f4mica, o balan\u00e7o \u00e9 considerado positivo: a ind\u00fastria se reorganiza, o a\u00e7o mant\u00e9m protagonismo na constru\u00e7\u00e3o e a Pinheiro Ferragens encerra 2025 com estrutura mais s\u00f3lida para entrar em 2026.<\/p>\n<p dir=\"ltr\">Sobre a Pinheiro Ferragens \u2013\u00a0Fundada em 1960, a empresa nasceu com o objetivo de comercializar a\u00e7o para a constru\u00e7\u00e3o civil. De base familiar e pioneira na capital, foi respons\u00e1vel por oferecer grande parte dos materiais para a constru\u00e7\u00e3o de Bras\u00edlia. Atualmente, a empresa trabalha com um mix de mais de dois mil produtos comercializados e industrializados. Localizada no Setor de Ind\u00fastrias de Bras\u00edlia e Taguatinga, a loja possui moderna estrutura e servi\u00e7os diferenciados.<\/p>\n<p>&nbsp;<\/p>\n<p dir=\"ltr\">Assista os v\u00eddeos institucionais da Pinheiro Ferragens:<\/p>\n<p dir=\"ltr\"><a href=\"https:\/\/www.youtube.com\/watch?v=Fj3vzzAvijk&amp;list=WL&amp;index=4\" target=\"_blank\" rel=\"noopener\" data-saferedirecturl=\"https:\/\/www.google.com\/url?q=https:\/\/www.youtube.com\/watch?v%3DFj3vzzAvijk%26list%3DWL%26index%3D4&amp;source=gmail&amp;ust=1765904413321000&amp;usg=AOvVaw3KE5qTaetBLIpjq02obmRL\">https:\/\/www.youtube.com\/watch?<wbr \/>v=Fj3vzzAvijk&amp;list=WL&amp;index=4<\/a><\/p>\n<p dir=\"ltr\"><a href=\"https:\/\/www.youtube.com\/watch?v=tbAINAexhSI&amp;list=WL&amp;index=2\" target=\"_blank\" rel=\"noopener\" data-saferedirecturl=\"https:\/\/www.google.com\/url?q=https:\/\/www.youtube.com\/watch?v%3DtbAINAexhSI%26list%3DWL%26index%3D2&amp;source=gmail&amp;ust=1765904413321000&amp;usg=AOvVaw2VgYHy0DbaE6BEzuHZ2gAi\">https:\/\/www.youtube.com\/watch?<wbr \/>v=tbAINAexhSI&amp;list=WL&amp;index=2<\/a><\/p>\n<p dir=\"ltr\">SERVI\u00c7O:<\/p>\n<p dir=\"ltr\">Pinheiro SIA<\/p>\n<p dir=\"ltr\">Telefone: (61) 3012-8181<\/p>\n<p dir=\"ltr\">SIA Trecho 2\/3 em frente ao SEBRAE<\/p>\n<p dir=\"ltr\">Pinheiro Taguatinga<\/p>\n<p dir=\"ltr\">Telefone: (61) 3354-8181<\/p>\n<p dir=\"ltr\">QI 11 Lotes 2\/26 Taguatinga\/DF<\/p>\n<p dir=\"ltr\">ASSESSORIA DE IMPRENSA \u2013 PINHEIRO FERRAGENS<\/p>\n<p dir=\"ltr\">Proativa Comunica\u00e7\u00e3o<\/p>\n<p dir=\"ltr\">Contatos: Fl\u00e1vio Resende (61) 99216-9188 \/ Andressa Gon\u00e7alves (61) 98629-8495<\/p>\n<p dir=\"ltr\">E-mail:\u00a0<a href=\"mailto:proativa@proativacomunicacao.com.br\" target=\"_blank\" rel=\"noopener\">proativa@<wbr \/>proativacomunicacao.com.br<\/a>\u00a0\/\u00a0<a href=\"mailto:imprensa@proativacomunicacao.com.br\" target=\"_blank\" rel=\"noopener\">imprensa@proativacomunicacao.<wbr \/>com.br<\/a><\/p>\n<p dir=\"ltr\">Facebook\/ Instagram:@ProativaC<\/p>\n","protected":false},"featured_media":4396,"template":"","categories":[],"tags":[],"class_list":["post-4395","noticia","type-noticia","status-publish","has-post-thumbnail","hentry"],"_links":{"self":[{"href":"https:\/\/www.proativacomunicacao.com.br\/novo\/index.php?rest_route=\/wp\/v2\/noticia\/4395","targetHints":{"allow":["GET"]}}],"collection":[{"href":"https:\/\/www.proativacomunicacao.com.br\/novo\/index.php?rest_route=\/wp\/v2\/noticia"}],"about":[{"href":"https:\/\/www.proativacomunicacao.com.br\/novo\/index.php?rest_route=\/wp\/v2\/types\/noticia"}],"wp:featuredmedia":[{"embeddable":true,"href":"https:\/\/www.proativacomunicacao.com.br\/novo\/index.php?rest_route=\/wp\/v2\/media\/4396"}],"wp:attachment":[{"href":"https:\/\/www.proativacomunicacao.com.br\/novo\/index.php?rest_route=%2Fwp%2Fv2%2Fmedia&parent=4395"}],"wp:term":[{"taxonomy":"category","embeddable":true,"href":"https:\/\/www.proativacomunicacao.com.br\/novo\/index.php?rest_route=%2Fwp%2Fv2%2Fcategories&post=4395"},{"taxonomy":"post_tag","embeddable":true,"href":"https:\/\/www.proativacomunicacao.com.br\/novo\/index.php?rest_route=%2Fwp%2Fv2%2Ftags&post=4395"}],"curies":[{"name":"wp","href":"https:\/\/api.w.org\/{rel}","templated":true}]}}