{"id":4437,"date":"2026-03-23T19:02:53","date_gmt":"2026-03-23T19:02:53","guid":{"rendered":"https:\/\/www.proativacomunicacao.com.br\/novo\/?post_type=noticia&#038;p=4437"},"modified":"2026-03-23T19:02:53","modified_gmt":"2026-03-23T19:02:53","slug":"porangui-estreia-em-brasilia-neste-sabado-com-experiencia-sonora-imersiva","status":"publish","type":"noticia","link":"https:\/\/www.proativacomunicacao.com.br\/novo\/?noticia=porangui-estreia-em-brasilia-neste-sabado-com-experiencia-sonora-imersiva","title":{"rendered":"Porangu\u00ed estreia em Bras\u00edlia neste s\u00e1bado com experi\u00eancia sonora imersiva"},"content":{"rendered":"<p><em>Turn\u00ea \u201cPontes de Som \u2013 O Invis\u00edvel em Loop\u201d re\u00fane m\u00fasica, espiritualidade e participa\u00e7\u00e3o coletiva no Alpes do Cerrado, com abertura do m\u00fasico brasiliense Alisson Sindeaux e performance de Rebeca Deusa<\/em><\/p>\n<p dir=\"ltr\">Bras\u00edlia recebe, pela primeira vez, o artista internacional Porangu\u00ed, refer\u00eancia global em live looping e m\u00fasica de ra\u00edzes ancestrais. Neste s\u00e1bado, 21 de mar\u00e7o, das 16h \u00e0s 22h, o espa\u00e7o Alpes do Cerrado, localizado em Sobradinho II, ser\u00e1 palco da turn\u00ea \u201cPontes de Som \u2013 O Invis\u00edvel em Loop\u201d, uma experi\u00eancia que ultrapassa o formato de show e prop\u00f5e uma imers\u00e3o sensorial e coletiva. A abertura fica por conta do m\u00fasico Alisson Sindeaux, que destaca a conex\u00e3o art\u00edstica do encontro: \u201cEstou muito feliz e grato por esta oportunidade. Respeito muito o trabalho do Porangu\u00ed, que dialoga muito com o meu\u201d.<\/p>\n<p>Conhecido por criar paisagens sonoras em tempo real, Porangu\u00ed constr\u00f3i verdadeiras jornadas musicais ao sobrepor vozes, instrumentos e texturas com o uso de tecnologia de looping. \u201cCada apresenta\u00e7\u00e3o \u00e9 \u00fanica, nasce da troca com o p\u00fablico e com o ambiente\u201d, j\u00e1 afirmou o artista em entrevistas sobre sua abordagem. Com influ\u00eancias que atravessam ritmos ind\u00edgenas, afro-diasp\u00f3ricos e latino-americanos, ele transforma o palco em um espa\u00e7o de conex\u00e3o, escuta e presen\u00e7a.<\/p>\n<p dir=\"ltr\">Al\u00e9m do show principal, a programa\u00e7\u00e3o amplia o encontro entre arte e comunidade, reunindo expositores, gastronomia consciente e experi\u00eancias complementares. Para Alisson Sindeaux, que hoje vive em Bras\u00edlia e atua com projetos de regenera\u00e7\u00e3o, o momento vai al\u00e9m da m\u00fasica: \u201c\u00c9 sobre despertar consci\u00eancia e lembrar da nossa rela\u00e7\u00e3o com a Terra e com o coletivo\u201d.<\/p>\n<p dir=\"ltr\">Encerrando a noite, a artista Rebeca Deusa conduz o p\u00fablico em uma jornada de Ecstatic Dance com o live set \u201cO \u00caxtase da Liberdade\u201d, unindo canto ao vivo, beats org\u00e2nicos e espiritualidade contempor\u00e2nea. \u201cA pista se transforma em um templo de express\u00e3o e liberdade, onde cada corpo encontra sua pr\u00f3pria forma de celebrar\u201d, afirma. Em um momento especial da carreira, ela tamb\u00e9m prepara o lan\u00e7amento de sua primeira m\u00fasica autoral, \u201cA Voz do Sil\u00eancio\u201d, marcando uma nova fase de sua trajet\u00f3ria art\u00edstica.<\/p>\n<p>&nbsp;<\/p>\n<p dir=\"ltr\">SERVI\u00c7O:<\/p>\n<p dir=\"ltr\">Porangu\u00ed \u2014 Brasil Tour 2026 &#8211; Pontes de Som \u2013 O Invis\u00edvel em Loop<\/p>\n<p dir=\"ltr\">Data: 21 de mar\u00e7o de 2026<\/p>\n<p dir=\"ltr\">Hor\u00e1rio: 16h \u00e0s 22h<\/p>\n<p dir=\"ltr\">Local: Alpes do Cerrado<\/p>\n<p dir=\"ltr\">Endere\u00e7o: SH Grande Colorado, Condom\u00ednio Vivendas Bela Vista \u2013 Sobradinho II, Bras\u00edlia (DF)<\/p>\n<p dir=\"ltr\">Ingressos: dispon\u00edveis online<\/p>\n<p dir=\"ltr\"><a href=\"https:\/\/poranguibrasil.com\/\" target=\"_blank\" rel=\"noopener\" data-saferedirecturl=\"https:\/\/www.google.com\/url?q=https:\/\/poranguibrasil.com\/&amp;source=gmail&amp;ust=1774378902963000&amp;usg=AOvVaw3tKn2wQqdyGAZA-VdQIm-a\">https:\/\/poranguibrasil.com\/<\/a><\/p>\n<p>&nbsp;<\/p>\n<p dir=\"ltr\">ASSESSORIA DE IMPRENSA \u2013\u00a0 INSTITUTO REGENERA HUB<\/p>\n<p dir=\"ltr\">Proativa Comunica\u00e7\u00e3o<\/p>\n<p dir=\"ltr\">Contatos: Fl\u00e1vio Resende (61) 99216-9188<\/p>\n<p dir=\"ltr\">E-mail:\u00a0<a href=\"mailto:proativa@proativacomunicacao.com.br\" target=\"_blank\" rel=\"noopener\">proativa@proativacomunicacao.<wbr \/>com.br<\/a><\/p>\n<p dir=\"ltr\">Twitter\/Facebook\/Instagram: @proativac<\/p>\n","protected":false},"featured_media":4438,"template":"","categories":[],"tags":[],"class_list":["post-4437","noticia","type-noticia","status-publish","has-post-thumbnail","hentry"],"_links":{"self":[{"href":"https:\/\/www.proativacomunicacao.com.br\/novo\/index.php?rest_route=\/wp\/v2\/noticia\/4437","targetHints":{"allow":["GET"]}}],"collection":[{"href":"https:\/\/www.proativacomunicacao.com.br\/novo\/index.php?rest_route=\/wp\/v2\/noticia"}],"about":[{"href":"https:\/\/www.proativacomunicacao.com.br\/novo\/index.php?rest_route=\/wp\/v2\/types\/noticia"}],"wp:featuredmedia":[{"embeddable":true,"href":"https:\/\/www.proativacomunicacao.com.br\/novo\/index.php?rest_route=\/wp\/v2\/media\/4438"}],"wp:attachment":[{"href":"https:\/\/www.proativacomunicacao.com.br\/novo\/index.php?rest_route=%2Fwp%2Fv2%2Fmedia&parent=4437"}],"wp:term":[{"taxonomy":"category","embeddable":true,"href":"https:\/\/www.proativacomunicacao.com.br\/novo\/index.php?rest_route=%2Fwp%2Fv2%2Fcategories&post=4437"},{"taxonomy":"post_tag","embeddable":true,"href":"https:\/\/www.proativacomunicacao.com.br\/novo\/index.php?rest_route=%2Fwp%2Fv2%2Ftags&post=4437"}],"curies":[{"name":"wp","href":"https:\/\/api.w.org\/{rel}","templated":true}]}}