{"id":4483,"date":"2026-04-14T17:20:42","date_gmt":"2026-04-14T17:20:42","guid":{"rendered":"https:\/\/www.proativacomunicacao.com.br\/novo\/?post_type=noticia&#038;p=4483"},"modified":"2026-04-14T17:20:42","modified_gmt":"2026-04-14T17:20:42","slug":"arka-2026-une-natureza-musica-danca-e-ancestralidade-no-lago-paranoa","status":"publish","type":"noticia","link":"https:\/\/www.proativacomunicacao.com.br\/novo\/?noticia=arka-2026-une-natureza-musica-danca-e-ancestralidade-no-lago-paranoa","title":{"rendered":"ARKA 2026 une natureza, m\u00fasica, dan\u00e7a   e ancestralidade no Lago Parano\u00e1"},"content":{"rendered":"<p dir=\"ltr\"><em>Promovido pelo Instituto Regenera Hub, evento acontece no pr\u00f3ximo dia 25 de abril, integrando cultura, espiritualidade e a\u00e7\u00e3o socioambiental, num dos cen\u00e1rios mais bonitos do DF<\/em><\/p>\n<div>\n<p dir=\"ltr\">Falta pouco para o ARKA 2026 \u2013 que acontece no pr\u00f3ximo dia 25 de abril, com a proposta de uma travessia simb\u00f3lica pelas \u00e1guas do Lago Parano\u00e1, onde arte, espiritualidade e a\u00e7\u00e3o socioambiental se encontram em movimento. Nesta edi\u00e7\u00e3o, o evento convida o p\u00fablico para uma experi\u00eancia imersiva a bordo do Barco White Swan, a partir das 15h.<\/p>\n<p dir=\"ltr\">A ARKA traz uma nova vis\u00e3o de entretenimento que vem se tornando tend\u00eancia no mundo: um evento consciente, uma festa sem \u00e1lcool, com a presen\u00e7a de lideran\u00e7as ind\u00edgenas e diversas matrizes culturais do Brasil.<\/p>\n<p dir=\"ltr\">Realizado pelo Instituto Regenera Hub &#8211; organiza\u00e7\u00e3o da sociedade civil (OSC) voltada para projetos de regenera\u00e7\u00e3o do ser, das rela\u00e7\u00f5es e dos biomas -, o encontro ganha um novo elemento imersivo nesta edi\u00e7\u00e3o. Al\u00e9m da programa\u00e7\u00e3o com m\u00fasica, reflex\u00f5es e apresenta\u00e7\u00f5es de projetos transformadores, o p\u00fablico vive a experi\u00eancia de ver Bras\u00edlia por uma perspectiva \u00fanica: do meio do lago ao p\u00f4r do sol.<\/p>\n<p dir=\"ltr\">\u201cUm encontro de ancestralidades, de culturas, de buscadores e de agentes de mudan\u00e7a. Um lugar para conspirar pelo bem e se inspirar em hist\u00f3rias de um Brasil ainda n\u00e3o descoberto por n\u00f3s\u201d, afirma Alisson Sindeaux, m\u00fasico e idealizador do evento.<\/p>\n<p dir=\"ltr\">A programa\u00e7\u00e3o re\u00fane nomes j\u00e1 confirmados, como \u00c1lvaro e Naiara Tukano, com a cosmologia do povo Tukano; Adriana Castellanos, ind\u00edgena do povo Zapoteca que conduz a viv\u00eancia com o cacau cerimonial como medicina ancestral; e Alisson Sindeaux, que apresenta seu show em di\u00e1logo com o conceito de regenera\u00e7\u00e3o trazendo can\u00e7\u00f5es reflexivas e m\u00fasicas dan\u00e7antes.<\/p>\n<p>O evento conta ainda com discotecagem de Rebeca Deusa, DJ e uma das produtoras do evento. Criadora de experi\u00eancias como Ecstatic Dance, Rebeca traz um campo de cria\u00e7\u00e3o onde dan\u00e7a, arte e consci\u00eancia s\u00e3o mais que entretenimento e atuam como um processo de autoconhecimento. \u201cMeu trabalho une som, presen\u00e7a e movimento como fonte de transforma\u00e7\u00e3o, conduzindo jornadas que ativam o corpo, expandem o cora\u00e7\u00e3o e despertam a alma\u201d, explica Rebeca.<\/p>\n<p dir=\"ltr\">O evento tamb\u00e9m vai abrigar falas de lideran\u00e7as de diferentes vertentes espirituais, como M\u00e3e Neuma (Iy\u00e1lorix\u00e1 Neuma de Nan\u00e3), Babaji Shivo e Gustavo Nakanishi, al\u00e9m de experi\u00eancias art\u00edsticas.<\/p>\n<p dir=\"ltr\">Outro destaque da programa\u00e7\u00e3o \u00e9 a apresenta\u00e7\u00e3o de projetos socioambientais e iniciativas de impacto. Maria Cleudes compartilha reflex\u00f5es sobre o protagonismo da mulher negra na constru\u00e7\u00e3o de novas realidades, enquanto Eduardo Rombauer apresenta o projeto Ama Brasil e o lan\u00e7amento de seu livro.<\/p>\n<p dir=\"ltr\">O encontro ainda re\u00fane nomes como Isabela Gusman; Paloma Senna, presidente da Associa\u00e7\u00e3o Movement Regenera; Paulo C\u00e9sar, idealizador do projeto Tempo de Plantar; e Henny Freitas, embaixadora da Rede Global de Ecovilas no Brasil (GEN).<\/p>\n<p dir=\"ltr\">Com programa\u00e7\u00e3o at\u00e9 \u00e0s 20h, o projeto prop\u00f5e uma experi\u00eancia sensorial \u00fanica: ver Bras\u00edlia a partir do lago, em movimento, enquanto diferentes saberes e express\u00f5es se entrela\u00e7am. Em um tempo marcado por incertezas, o ARKA aposta na pot\u00eancia do encontro humano como caminho para imaginar novos futuros.<\/p>\n<p dir=\"ltr\">A organiza\u00e7\u00e3o convida o p\u00fablico a garantir participa\u00e7\u00e3o antecipadamente, pois as vagas s\u00e3o limitadas, e integrar essa jornada coletiva. Os ingressos j\u00e1 est\u00e3o dispon\u00edveis pela plataforma Sympla:\u00a0<a href=\"https:\/\/www.sympla.com.br\/evento\/arka-um-encontro-de-regeneracao-nas-aguas-do-coracao-do-brasil\/3327010\" target=\"_blank\" rel=\"noopener\" data-saferedirecturl=\"https:\/\/www.google.com\/url?q=https:\/\/www.sympla.com.br\/evento\/arka-um-encontro-de-regeneracao-nas-aguas-do-coracao-do-brasil\/3327010&amp;source=gmail&amp;ust=1776273536611000&amp;usg=AOvVaw0pT7Ub8EnlbT3LgSVTqb-c\">https:\/\/www.sympla.com.br\/<wbr \/>evento\/arka-um-encontro-de-<wbr \/>regeneracao-nas-aguas-do-<wbr \/>coracao-do-brasil\/3327010<\/a><\/p>\n<p dir=\"ltr\">SERVI\u00c7O:<\/p>\n<div dir=\"ltr\" align=\"left\">\n<table>\n<colgroup>\n<col width=\"602\" \/><\/colgroup>\n<tbody>\n<tr>\n<td>\n<p dir=\"ltr\">ARKA 2026 \u2013 Cacau Cerimonial<br \/>\nData:\u00a025 de abril de 2026 (s\u00e1bado)<br \/>\nLocal:\u00a0Lago Parano\u00e1 \u2013 Bras\u00edlia (DF)<br \/>\nHor\u00e1rio:\u00a015h \u00e0s 20h<br \/>\nMais informa\u00e7\u00f5es e detalhes sobre ingressos\/inscri\u00e7\u00f5es devem ser divulgados pelos canais oficiais do Instituto Regenera Hub.<\/p>\n<\/td>\n<\/tr>\n<\/tbody>\n<\/table>\n<\/div>\n<p dir=\"ltr\">ASSESSORIA DE IMPRENSA \u2013\u00a0 INSTITUTO REGENERA HUB<\/p>\n<p dir=\"ltr\">Proativa Comunica\u00e7\u00e3o<br \/>\nContatos: Fl\u00e1vio Resende (61) 99216-9188<br \/>\nE-mail:\u00a0<a href=\"mailto:proativa@proativacomunicacao.com.br\" target=\"_blank\" rel=\"noopener\">proativa@proativacomunicacao.<wbr \/>com.br<br \/>\n<\/a>Twitter\/Facebook\/Instagram: @ProativaC<\/p>\n<\/div>\n","protected":false},"featured_media":4484,"template":"","categories":[],"tags":[],"class_list":["post-4483","noticia","type-noticia","status-publish","has-post-thumbnail","hentry"],"_links":{"self":[{"href":"https:\/\/www.proativacomunicacao.com.br\/novo\/index.php?rest_route=\/wp\/v2\/noticia\/4483","targetHints":{"allow":["GET"]}}],"collection":[{"href":"https:\/\/www.proativacomunicacao.com.br\/novo\/index.php?rest_route=\/wp\/v2\/noticia"}],"about":[{"href":"https:\/\/www.proativacomunicacao.com.br\/novo\/index.php?rest_route=\/wp\/v2\/types\/noticia"}],"wp:featuredmedia":[{"embeddable":true,"href":"https:\/\/www.proativacomunicacao.com.br\/novo\/index.php?rest_route=\/wp\/v2\/media\/4484"}],"wp:attachment":[{"href":"https:\/\/www.proativacomunicacao.com.br\/novo\/index.php?rest_route=%2Fwp%2Fv2%2Fmedia&parent=4483"}],"wp:term":[{"taxonomy":"category","embeddable":true,"href":"https:\/\/www.proativacomunicacao.com.br\/novo\/index.php?rest_route=%2Fwp%2Fv2%2Fcategories&post=4483"},{"taxonomy":"post_tag","embeddable":true,"href":"https:\/\/www.proativacomunicacao.com.br\/novo\/index.php?rest_route=%2Fwp%2Fv2%2Ftags&post=4483"}],"curies":[{"name":"wp","href":"https:\/\/api.w.org\/{rel}","templated":true}]}}