{"id":4498,"date":"2026-04-22T21:09:13","date_gmt":"2026-04-22T21:09:13","guid":{"rendered":"https:\/\/www.proativacomunicacao.com.br\/novo\/?post_type=noticia&#038;p=4498"},"modified":"2026-04-22T21:12:07","modified_gmt":"2026-04-22T21:12:07","slug":"dia-do-serralheiro-destaca-profissionais-essenciais-para-a-construcao-e-a-industria","status":"publish","type":"noticia","link":"https:\/\/www.proativacomunicacao.com.br\/novo\/?noticia=dia-do-serralheiro-destaca-profissionais-essenciais-para-a-construcao-e-a-industria","title":{"rendered":"Dia do Serralheiro destaca profissionais essenciais para a constru\u00e7\u00e3o e a ind\u00fastria"},"content":{"rendered":"<p><em>Celebrada em 23 de abril, data reconhece o trabalho de quem transforma a\u00e7o em estrutura, funcionalidade e design no dia a dia das cidades<\/em><\/p>\n<p dir=\"ltr\">Respons\u00e1veis por dar forma ao a\u00e7o e a outros metais, os serralheiros desempenham um papel fundamental na constru\u00e7\u00e3o civil, na ind\u00fastria e at\u00e9 na decora\u00e7\u00e3o de ambientes. No Brasil, esses profissionais s\u00e3o homenageados no dia 23 de abril, data que reconhece a import\u00e2ncia de um trabalho muitas vezes invis\u00edvel, mas essencial para o funcionamento das cidades.<\/p>\n<p dir=\"ltr\">Port\u00f5es, grades, estruturas met\u00e1licas, escadas, esquadrias e pe\u00e7as sob medida fazem parte da rotina desses profissionais, que atuam diretamente na transforma\u00e7\u00e3o de mat\u00e9rias-primas em solu\u00e7\u00f5es pr\u00e1ticas e dur\u00e1veis. A atividade exige t\u00e9cnica, precis\u00e3o e conhecimento sobre diferentes materiais, especialmente o a\u00e7o, que est\u00e1 presente na maior parte das aplica\u00e7\u00f5es.<\/p>\n<p dir=\"ltr\">No Distrito Federal, onde o crescimento urbano segue em expans\u00e3o, a atua\u00e7\u00e3o dos serralheiros acompanha a demanda por obras, reformas e projetos personalizados. Seja em constru\u00e7\u00f5es residenciais, comerciais ou industriais, esses profissionais est\u00e3o presentes em diferentes etapas, contribuindo para a execu\u00e7\u00e3o e finaliza\u00e7\u00e3o de estruturas met\u00e1licas.<\/p>\n<p dir=\"ltr\">Para Roil Pinheiro, diretor comercial da Pinheiro Ferragens, o Dia do Serralheiro \u00e9 uma oportunidade de valorizar uma profiss\u00e3o essencial para o setor. \u201cO serralheiro \u00e9 um profissional que transforma o a\u00e7o em solu\u00e7\u00f5es reais. Ele est\u00e1 presente em praticamente todas as obras, seja na estrutura ou nos acabamentos, e tem um papel fundamental na qualidade e na durabilidade dos projetos\u201d, afirma.<\/p>\n<p dir=\"ltr\">Ele destaca que a rela\u00e7\u00e3o entre fornecedores de materiais e esses profissionais \u00e9 direta e estrat\u00e9gica. \u201cN\u00f3s acompanhamos de perto o trabalho dos serralheiros e sabemos o quanto eles s\u00e3o importantes para o funcionamento da cadeia da constru\u00e7\u00e3o. S\u00e3o parceiros do dia a dia, que dependem de bons materiais para executar um trabalho de qualidade\u201d, explica.<\/p>\n<p dir=\"ltr\">Como forma de reconhecimento, a Pinheiro Ferragens decidiu promover uma a\u00e7\u00e3o especial para marcar a data. A empresa ir\u00e1 presentear clientes mais fi\u00e9is com jalecos, sem a necessidade de compra, como uma forma de valoriza\u00e7\u00e3o pelo trabalho desenvolvido ao longo do ano. \u201cA ideia \u00e9 justamente reconhecer esses profissionais que est\u00e3o conosco todos os dias. \u00c9 um gesto simples, mas que simboliza o respeito e a import\u00e2ncia que damos a eles dentro do nosso neg\u00f3cio\u201d, ressalta Roil.<\/p>\n<p dir=\"ltr\">A celebra\u00e7\u00e3o do Dia do Serralheiro refor\u00e7a a relev\u00e2ncia de uma profiss\u00e3o que, mesmo fora dos holofotes, \u00e9 indispens\u00e1vel para o desenvolvimento urbano e industrial. Mais do que fabricar pe\u00e7as met\u00e1licas, esses profissionais ajudam a construir, com precis\u00e3o e t\u00e9cnica, parte significativa das estruturas que sustentam o cotidiano das cidades.<\/p>\n<p dir=\"ltr\">Sobre a Pinheiro Ferragens \u2013 Fundada em 1960, a empresa nasceu com o objetivo de comercializar a\u00e7o para a constru\u00e7\u00e3o civil. De base familiar e pioneira na capital, foi respons\u00e1vel por oferecer grande parte dos materiais para a constru\u00e7\u00e3o de Bras\u00edlia. Atualmente, a empresa trabalha com um mix de mais de dois mil produtos comercializados e industrializados. Localizada no Setor de Ind\u00fastrias de Bras\u00edlia e Taguatinga, a loja possui moderna estrutura e servi\u00e7os diferenciados.<\/p>\n<p>&nbsp;<\/p>\n<p dir=\"ltr\">Assista os v\u00eddeos institucionais da Pinheiro Ferragens:<\/p>\n<p dir=\"ltr\"><a href=\"https:\/\/www.youtube.com\/watch?v=Fj3vzzAvijk&amp;list=WL&amp;index=4\" target=\"_blank\" rel=\"noopener\" data-saferedirecturl=\"https:\/\/www.google.com\/url?q=https:\/\/www.youtube.com\/watch?v%3DFj3vzzAvijk%26list%3DWL%26index%3D4&amp;source=gmail&amp;ust=1776966251659000&amp;usg=AOvVaw1FQ0KM1VEgHrqviLjicWdt\">https:\/\/www.youtube.com\/watch?<wbr \/>v=Fj3vzzAvijk&amp;list=WL&amp;index=4<\/a><\/p>\n<p dir=\"ltr\"><a href=\"https:\/\/www.youtube.com\/watch?v=tbAINAexhSI&amp;list=WL&amp;index=2\" target=\"_blank\" rel=\"noopener\" data-saferedirecturl=\"https:\/\/www.google.com\/url?q=https:\/\/www.youtube.com\/watch?v%3DtbAINAexhSI%26list%3DWL%26index%3D2&amp;source=gmail&amp;ust=1776966251659000&amp;usg=AOvVaw3ITO7KBr47qOyv5QN4z1oU\">https:\/\/www.youtube.com\/watch?<wbr \/>v=tbAINAexhSI&amp;list=WL&amp;index=2<\/a><\/p>\n<p dir=\"ltr\">\n<p dir=\"ltr\">SERVI\u00c7O:<\/p>\n<p dir=\"ltr\">Pinheiro SIA<\/p>\n<p dir=\"ltr\">Telefone: (61) 3012-8181<\/p>\n<p dir=\"ltr\">SIA Trecho 2\/3 em frente ao SEBRAE<\/p>\n<p dir=\"ltr\">Pinheiro Taguatinga<\/p>\n<p dir=\"ltr\">Telefone: (61) 3354-8181<\/p>\n<p dir=\"ltr\">QI 11 Lotes 2\/26 Taguatinga\/DF<\/p>\n<p dir=\"ltr\">ASSESSORIA DE IMPRENSA \u2013 PINHEIRO FERRAGENS<\/p>\n<p dir=\"ltr\">Proativa Comunica\u00e7\u00e3o<\/p>\n<p dir=\"ltr\">Contatos: Fl\u00e1vio Resende (61) 99216-9188 \/ <span class=\"il\">Andressa<\/span> Gon\u00e7alves (61) 98629-8495<\/p>\n<p dir=\"ltr\">E-mail:\u00a0<a href=\"mailto:proativa@proativacomunicacao.com.br\" target=\"_blank\" rel=\"noopener\">proativa@<wbr \/>proativacomunicacao.com.br<\/a> \/ <a href=\"mailto:imprensa@proativacomunicacao.com.br\" target=\"_blank\" rel=\"noopener\">imprensa@proativacomunicacao.<wbr \/>com.br<\/a><\/p>\n<p dir=\"ltr\">Facebook\/ Instagram:@ProativaC<\/p>\n","protected":false},"featured_media":4499,"template":"","categories":[],"tags":[],"class_list":["post-4498","noticia","type-noticia","status-publish","has-post-thumbnail","hentry"],"_links":{"self":[{"href":"https:\/\/www.proativacomunicacao.com.br\/novo\/index.php?rest_route=\/wp\/v2\/noticia\/4498","targetHints":{"allow":["GET"]}}],"collection":[{"href":"https:\/\/www.proativacomunicacao.com.br\/novo\/index.php?rest_route=\/wp\/v2\/noticia"}],"about":[{"href":"https:\/\/www.proativacomunicacao.com.br\/novo\/index.php?rest_route=\/wp\/v2\/types\/noticia"}],"wp:featuredmedia":[{"embeddable":true,"href":"https:\/\/www.proativacomunicacao.com.br\/novo\/index.php?rest_route=\/wp\/v2\/media\/4499"}],"wp:attachment":[{"href":"https:\/\/www.proativacomunicacao.com.br\/novo\/index.php?rest_route=%2Fwp%2Fv2%2Fmedia&parent=4498"}],"wp:term":[{"taxonomy":"category","embeddable":true,"href":"https:\/\/www.proativacomunicacao.com.br\/novo\/index.php?rest_route=%2Fwp%2Fv2%2Fcategories&post=4498"},{"taxonomy":"post_tag","embeddable":true,"href":"https:\/\/www.proativacomunicacao.com.br\/novo\/index.php?rest_route=%2Fwp%2Fv2%2Ftags&post=4498"}],"curies":[{"name":"wp","href":"https:\/\/api.w.org\/{rel}","templated":true}]}}